{"id":6869,"date":"2018-05-14T23:48:59","date_gmt":"2018-05-14T21:48:59","guid":{"rendered":"http:\/\/www.radclub-inzing.at\/?p=6869"},"modified":"2018-05-14T23:48:59","modified_gmt":"2018-05-14T21:48:59","slug":"lukas-grieser-holt-sein-erstes-trikot-bei-einer-int-rundfahrt","status":"publish","type":"post","link":"https:\/\/rad.asvi.at\/?p=6869","title":{"rendered":"Lukas Grie\u00dfer holt sein erstes Trikot bei einer Int. Rundfahrt!"},"content":{"rendered":"<p><strong><span style=\"text-decoration: underline;\">TMP Jugendtour in Gotha (Th\u00fcringen)<\/span><\/strong><strong><span style=\"text-decoration: underline;\">\/11.-13.05.<\/span><\/strong><\/p>\n<p>Von letzen Freitag bis Sonntag bestritt eine vom Leistungszentrum Tirol entsannte U17 Mannschaft in Gotha (Th\u00fcringen) die internationale TMP Jugendtour.<\/p>\n<p>Mit von der Partie waren Tim Wafler, Paul Buschek beide\u00a0 Radsport Stanger, (wohnen in Wien) Lucas Zauchner\u00a0&#8211; RC Tirol, Philipp Hofbauer &#8211;\u00a0RC-Grafenbach und nat\u00fcrlich unser Lukas Grie\u00dfer\u00a0&#8211; \u00d6AMTC RAIKA BKD ASV Inzing.<\/p>\n<p>Die 165 Burschen aus Deutschland, D\u00e4nemark, Polen, Belgien, Italien Holland , Luxenburg und \u00d6sterreich hatten am Freitag als Auftakt einen Prolog (in Form eines Kriteriums) zu bestreiten. Dabei ging es lediglich um die Vergabe der verschiedenen \u201eLeadertrikots\u201c (z\u00e4hlte also nicht zur Gesamtwertung!).Tim Waffler konnte in seinem Rennen dreimal Punkten und kam auf Rang drei und Lukas kam im Feld ins Ziel.<\/p>\n<p>Am Samstag Vormittag ging es mit einem 5km langen Bergzeitfahren mit der ersten Etappe richtig los.<\/p>\n<p>Lukas ging um 11Uhr 21 ins Rennen und bewies wie auch schon in Tschechien seine guten Zeitfahrerqualit\u00e4ten. Da\u00df er aber sogar als schnellster der erstj\u00e4hrigen U17 Fahrer ins Ziel fuhr \u00fcberraschte auch Teamleiter Roland Waffler und Tom Grie\u00dfer.<\/p>\n<p>Von allen 165 Burschen belegte Lukas Platz 12 und war dadurch auch wieder bester \u00d6sterreicher (Wafler Platz 20, Buschek Platz 56, Zauchner Platz 99 und Hofbauer Platz 105).<\/p>\n<p>Somit konnte Lukas am Nachmittag ins rosa Trikot schl\u00fcpfen (Bester des jungen Jahrgangs) und ohne Hektik mit den anderen Trikottr\u00e4gern (Berg, Sprint, bester Th\u00fcringer und das gelbe Trikot) aus der ersten Reihe ins \u00fcber 65km lange Rundstreckenrennen (8 Runden) mit ca. 1000hm starten.<\/p>\n<p>In der ersten H\u00e4lfte des Rennen legte sich Tim Wafler voll ins Zeug und konnte bei den Sprintwertungen Punkte sammeln und erk\u00e4mpfte sich das Sprint-Trikot in gr\u00fcn!<\/p>\n<p>Lukas kam wieder als bester \u00d6sterreicher auf Platz 24 im Feld ins Ziel, konnte alle Erstj\u00e4hrigen hinter sich lassen und durfte anschlie\u00dfend bei der Siegerehrung erneut das rosa Trikot \u00fcberstreifen!!<\/p>\n<p>Leider erwischte es auch diesesmal bei einem Massensturtz mit Lucas Zauchner einen aus unseren Team. Lukas Z. konnte die zweite Etappe nicht mehr beenden.<\/p>\n<p>Am Sonntag bei der dritten und letzten Etappe hatte unser LZ Team mit Tim und Lukas gleich zwei Trikottr\u00e4ger in der ersten Startreihe stehen.<\/p>\n<p>Bei dieser Etappe ging es um 4 Sprintwertungen und 5 Bergwertungen \u00fcber 64km die von den Rennfahrern wieder alles abverlangte. Lucas Zauchner, am Vortag noch gest\u00fcrtzt, ging trotz Schmerzen an den Start und konnte so mit Buschek Paul und Hofbauer Philip bei den Sprintwertungen Tim voll unterst\u00fctzen.<\/p>\n<p>Tim gelang es sogar zwei der vier Wertungen zu gewinnen und konnte souver\u00e4n sein Sprint-Trikot verteitigen.<\/p>\n<p>Im rosa Trikot war Lukas bei dieser letzten Etappe von allen Erstj\u00e4hrigen der Gejagte, konnte aber auch dieses Mal im Feld bestehen und lies sich trotzt einer Durchschnittgeschwindikeit von 40km\/h dieses nicht mehr nehmen.<\/p>\n<p>In der Gesamtwertung belegte Lukas bei seiner zweiten Rundfahrt innerhalb von nur zwei Wochen den ausgezeichneten 13 Platz!! Wafler Platz 55, Buschek 60, Hofbauer 63, (Zauchner durch Sturtz nicht in der Gesamtwertung)<\/p>\n","protected":false},"excerpt":{"rendered":"<p>TMP Jugendtour in Gotha (Th\u00fcringen)\/11.-13.05. Von letzen Freitag bis Sonntag bestritt eine vom Leistungszentrum Tirol entsannte U17 Mannschaft in Gotha (Th\u00fcringen) die internationale TMP Jugendtour. Mit von der Partie waren Tim Wafler, Paul Buschek beide\u00a0 Radsport Stanger, (wohnen in Wien) Lucas Zauchner\u00a0&#8211; RC Tirol, Philipp Hofbauer &#8211;\u00a0RC-Grafenbach und nat\u00fcrlich unser Lukas Grie\u00dfer\u00a0&#8211; \u00d6AMTC RAIKA BKD&hellip;&nbsp;<a href=\"https:\/\/rad.asvi.at\/?p=6869\" class=\"\" rel=\"bookmark\">Weiterlesen &raquo;<span class=\"screen-reader-text\">Lukas Grie\u00dfer holt sein erstes Trikot bei einer Int. Rundfahrt!<\/span><\/a><\/p>\n","protected":false},"author":2,"featured_media":6870,"comment_status":"open","ping_status":"closed","sticky":false,"template":"","format":"standard","meta":{"neve_meta_sidebar":"","neve_meta_container":"","neve_meta_enable_content_width":"","neve_meta_content_width":0,"neve_meta_title_alignment":"","neve_meta_author_avatar":"","neve_post_elements_order":"","neve_meta_disable_header":"","neve_meta_disable_footer":"","neve_meta_disable_title":"","footnotes":""},"categories":[9,11],"tags":[],"class_list":["post-6869","post","type-post","status-publish","format-standard","has-post-thumbnail","hentry","category-allgemein","category-rennsport"],"featured_image_urls":{"full":"","thumbnail":"","medium":"","medium_large":"","large":"","xl":"","xxl":"","xxxl":"","xxxxl":"","xxxxxl":"","1536x1536":"","2048x2048":"","neve-blog":""},"post_excerpt_stackable":"<p>TMP Jugendtour in Gotha (Th\u00fcringen)\/11.-13.05. Von letzen Freitag bis Sonntag bestritt eine vom Leistungszentrum Tirol entsannte U17 Mannschaft in Gotha (Th\u00fcringen) die internationale TMP Jugendtour. Mit von der Partie waren Tim Wafler, Paul Buschek beide\u00a0 Radsport Stanger, (wohnen in Wien) Lucas Zauchner\u00a0&#8211; RC Tirol, Philipp Hofbauer &#8211;\u00a0RC-Grafenbach und nat\u00fcrlich unser Lukas Grie\u00dfer\u00a0&#8211; \u00d6AMTC RAIKA BKD ASV Inzing. Die 165 Burschen aus Deutschland, D\u00e4nemark, Polen, Belgien, Italien Holland , Luxenburg und \u00d6sterreich hatten am Freitag als Auftakt einen Prolog (in Form eines Kriteriums) zu bestreiten. Dabei ging es lediglich um die Vergabe der verschiedenen \u201eLeadertrikots\u201c (z\u00e4hlte also nicht zur Gesamtwertung!).Tim Waffler&hellip;<\/p>\n","category_list":"<a href=\"https:\/\/rad.asvi.at\/?cat=9\" rel=\"category\">Allgemein<\/a>, <a href=\"https:\/\/rad.asvi.at\/?cat=11\" rel=\"category\">Rennsport<\/a>","author_info":{"name":"Roman","url":"https:\/\/rad.asvi.at\/?author=2"},"comments_num":"0 comments","_links":{"self":[{"href":"https:\/\/rad.asvi.at\/index.php?rest_route=\/wp\/v2\/posts\/6869","targetHints":{"allow":["GET"]}}],"collection":[{"href":"https:\/\/rad.asvi.at\/index.php?rest_route=\/wp\/v2\/posts"}],"about":[{"href":"https:\/\/rad.asvi.at\/index.php?rest_route=\/wp\/v2\/types\/post"}],"author":[{"embeddable":true,"href":"https:\/\/rad.asvi.at\/index.php?rest_route=\/wp\/v2\/users\/2"}],"replies":[{"embeddable":true,"href":"https:\/\/rad.asvi.at\/index.php?rest_route=%2Fwp%2Fv2%2Fcomments&post=6869"}],"version-history":[{"count":0,"href":"https:\/\/rad.asvi.at\/index.php?rest_route=\/wp\/v2\/posts\/6869\/revisions"}],"wp:featuredmedia":[{"embeddable":true,"href":"https:\/\/rad.asvi.at\/index.php?rest_route=\/"}],"wp:attachment":[{"href":"https:\/\/rad.asvi.at\/index.php?rest_route=%2Fwp%2Fv2%2Fmedia&parent=6869"}],"wp:term":[{"taxonomy":"category","embeddable":true,"href":"https:\/\/rad.asvi.at\/index.php?rest_route=%2Fwp%2Fv2%2Fcategories&post=6869"},{"taxonomy":"post_tag","embeddable":true,"href":"https:\/\/rad.asvi.at\/index.php?rest_route=%2Fwp%2Fv2%2Ftags&post=6869"}],"curies":[{"name":"wp","href":"https:\/\/api.w.org\/{rel}","templated":true}]}}