{"id":6877,"date":"2018-05-27T17:37:37","date_gmt":"2018-05-27T15:37:37","guid":{"rendered":"http:\/\/www.radclub-inzing.at\/?p=6877"},"modified":"2018-05-27T17:37:37","modified_gmt":"2018-05-27T15:37:37","slug":"kinderradrennen-25-05-2018-ergebnisliste","status":"publish","type":"post","link":"https:\/\/rad.asvi.at\/?p=6877","title":{"rendered":"Kinderradrennen 25.05.2018"},"content":{"rendered":"<div>\n<p>Am Freitag 25.05. um 17 Uhr fand das Inzinger Kinderradrennen auf dem traditionellen Men\u00fc-Mobil-Rundkurs statt. Nat\u00fcrlich hatten die Veranstalter (\u00d6AMTC RAIKA BKD ASV INZING) wieder einmal Wettergl\u00fcck und so strahlte die Sonne mit den Kindern um die Wette. Die hatten auch allen Grund zum Lachen, warteten doch f\u00fcr jedes teilnehmende Kind\u00a0Pokale, Saftln und ein Eis! Das Ganze noch dazu zum &#8222;Nulltarif&#8220;! Da macht das Strampeln doppelt Spa\u00df! Eine Runde musste in Form eines Einzelzeitfahrens absolviert werden. Die j\u00fcngsten Kids waren sogar erst 3 Jahre alt! Es waren heuer 34 Kinder am Start! Das Sch\u00f6nste f\u00fcr die Kinder war dann wohl die Preisverteilung &#8211; Pokale und\u00a0Eis!! Alle freuten sich riesig und versprachen n\u00e4chstes Jahr wieder zu kommen!<\/p>\n<p><span style=\"color: #000000; font-family: Calibri; font-size: medium;\">\u00a0<\/span><a href=\"http:\/\/www.radclub-inzing.at\/?attachment_id=6878\" rel=\"attachment wp-att-6878\">Offizielle Ergebnisliste 25052018<\/a><\/p>\n<\/div>\n<p>&nbsp;<\/p>\n","protected":false},"excerpt":{"rendered":"<p>Am Freitag 25.05. um 17 Uhr fand das Inzinger Kinderradrennen auf dem traditionellen Men\u00fc-Mobil-Rundkurs statt. Nat\u00fcrlich hatten die Veranstalter (\u00d6AMTC RAIKA BKD ASV INZING) wieder einmal Wettergl\u00fcck und so strahlte die Sonne mit den Kindern um die Wette. Die hatten auch allen Grund zum Lachen, warteten doch f\u00fcr jedes teilnehmende Kind\u00a0Pokale, Saftln und ein Eis!&hellip;&nbsp;<a href=\"https:\/\/rad.asvi.at\/?p=6877\" class=\"\" rel=\"bookmark\">Weiterlesen &raquo;<span class=\"screen-reader-text\">Kinderradrennen 25.05.2018<\/span><\/a><\/p>\n","protected":false},"author":2,"featured_media":6883,"comment_status":"open","ping_status":"closed","sticky":false,"template":"","format":"standard","meta":{"neve_meta_sidebar":"","neve_meta_container":"","neve_meta_enable_content_width":"","neve_meta_content_width":0,"neve_meta_title_alignment":"","neve_meta_author_avatar":"","neve_post_elements_order":"","neve_meta_disable_header":"","neve_meta_disable_footer":"","neve_meta_disable_title":"","footnotes":""},"categories":[9,12,10,11],"tags":[],"class_list":["post-6877","post","type-post","status-publish","format-standard","has-post-thumbnail","hentry","category-allgemein","category-ergebnislisten","category-hobbysport","category-rennsport"],"featured_image_urls":{"full":"","thumbnail":"","medium":"","medium_large":"","large":"","xl":"","xxl":"","xxxl":"","xxxxl":"","xxxxxl":"","1536x1536":"","2048x2048":"","neve-blog":""},"post_excerpt_stackable":"<p>Am Freitag 25.05. um 17 Uhr fand das Inzinger Kinderradrennen auf dem traditionellen Men\u00fc-Mobil-Rundkurs statt. Nat\u00fcrlich hatten die Veranstalter (\u00d6AMTC RAIKA BKD ASV INZING) wieder einmal Wettergl\u00fcck und so strahlte die Sonne mit den Kindern um die Wette. Die hatten auch allen Grund zum Lachen, warteten doch f\u00fcr jedes teilnehmende Kind\u00a0Pokale, Saftln und ein Eis! Das Ganze noch dazu zum &#8222;Nulltarif&#8220;! Da macht das Strampeln doppelt Spa\u00df! Eine Runde musste in Form eines Einzelzeitfahrens absolviert werden. Die j\u00fcngsten Kids waren sogar erst 3 Jahre alt! Es waren heuer 34 Kinder am Start! Das Sch\u00f6nste f\u00fcr die Kinder war dann wohl&hellip;<\/p>\n","category_list":"<a href=\"https:\/\/rad.asvi.at\/?cat=9\" rel=\"category\">Allgemein<\/a>, <a href=\"https:\/\/rad.asvi.at\/?cat=12\" rel=\"category\">Ergebnislisten<\/a>, <a href=\"https:\/\/rad.asvi.at\/?cat=10\" rel=\"category\">Hobbysport<\/a>, <a href=\"https:\/\/rad.asvi.at\/?cat=11\" rel=\"category\">Rennsport<\/a>","author_info":{"name":"Roman","url":"https:\/\/rad.asvi.at\/?author=2"},"comments_num":"0 comments","_links":{"self":[{"href":"https:\/\/rad.asvi.at\/index.php?rest_route=\/wp\/v2\/posts\/6877","targetHints":{"allow":["GET"]}}],"collection":[{"href":"https:\/\/rad.asvi.at\/index.php?rest_route=\/wp\/v2\/posts"}],"about":[{"href":"https:\/\/rad.asvi.at\/index.php?rest_route=\/wp\/v2\/types\/post"}],"author":[{"embeddable":true,"href":"https:\/\/rad.asvi.at\/index.php?rest_route=\/wp\/v2\/users\/2"}],"replies":[{"embeddable":true,"href":"https:\/\/rad.asvi.at\/index.php?rest_route=%2Fwp%2Fv2%2Fcomments&post=6877"}],"version-history":[{"count":0,"href":"https:\/\/rad.asvi.at\/index.php?rest_route=\/wp\/v2\/posts\/6877\/revisions"}],"wp:featuredmedia":[{"embeddable":true,"href":"https:\/\/rad.asvi.at\/index.php?rest_route=\/"}],"wp:attachment":[{"href":"https:\/\/rad.asvi.at\/index.php?rest_route=%2Fwp%2Fv2%2Fmedia&parent=6877"}],"wp:term":[{"taxonomy":"category","embeddable":true,"href":"https:\/\/rad.asvi.at\/index.php?rest_route=%2Fwp%2Fv2%2Fcategories&post=6877"},{"taxonomy":"post_tag","embeddable":true,"href":"https:\/\/rad.asvi.at\/index.php?rest_route=%2Fwp%2Fv2%2Ftags&post=6877"}],"curies":[{"name":"wp","href":"https:\/\/api.w.org\/{rel}","templated":true}]}}