{"id":6908,"date":"2018-05-30T22:51:14","date_gmt":"2018-05-30T20:51:14","guid":{"rendered":"http:\/\/www.radclub-inzing.at\/?p=6908"},"modified":"2018-05-30T22:51:14","modified_gmt":"2018-05-30T20:51:14","slug":"tolle-leistungen-der-griesergeschwister-in-grafenbachno","status":"publish","type":"post","link":"https:\/\/rad.asvi.at\/?p=6908","title":{"rendered":"Tolle Leistungen der Grie\u00dfergeschwister in Grafenbach\/N\u00d6"},"content":{"rendered":"<p><strong>Grafenbacher Radsporttage 26-27.5.2018<\/strong><\/p>\n<p>Am Samstag Vormittag ging <em><strong>Lukas Grie\u00dfer<\/strong><\/em> mit relativ gro\u00dfen Erwartungen an den Start des Prologs &#8211; dem Auftaktrennen in Grafenbach (N\u00d6).\u00a0 Nur 1,3km lang und ziemlich steil bergauf, genau wie er es am Liebsten hat. Mit dem 4. Platz\u00a0 im Ziel war er dann nicht ganz zufrieden, obwohl ihn nur 3sec. vom Sieger trennten. Am Nachmittag, beim Kriterium, stellte sich<em><strong> Ramona Grie\u00dfer<\/strong> <\/em>(U14 M\u00e4dchen) mit weiteren 10 M\u00e4dchen und 10 Burschen an den Start. Sie hatten 6 Runden mit 3 Sprintwertungen zu meistern. Genau beim Start ging ein Regengu\u00df nieder und machte den Kurs noch anspruchsvoller. Doch sie meisterte alle Runden sehr gut im Feld und landete auf Platz 6 (j\u00fcngster Jahrgang von 3). <em><strong>Lukas<\/strong><\/em> verdaute die &#8222;Niederlage&#8220; vom Vormittag sehr gut und konnte gleich bei der ersten von sieben Wertungen (21 Runden\/jede 3te Runde Wertung) als Dritter Punkten. Bis auf eine Wertung konnte er immer Punkte sammeln, eine sogar f\u00fcr sich entscheiden und so kam er auf den ausgezeichneten<strong> 2. Platz<\/strong>!! Am Sonntag noch ein 9 Runden langes Rundstreckenrennen mit einigen Wellen \u00fcber 54km. <em><strong>Lukas<\/strong> <\/em>kontrollierte das gesamte Fahrerfeld, konnte sich aber nicht alleine absetzen und vertraute diesesmal auf den Zielsprint. Beim letzten Anstieg dr\u00fcckte er richtig an, sprengte das Feld und konnte so beim Sprint den<strong> 2.Platz<\/strong> erk\u00e4mpfen! Die U14 M\u00e4dchen hatten 2 Runden zu meistern. <em><strong>Ramona<\/strong><\/em> konnte sich im doch 20 Mann gro\u00dfen Feld ( M\u00e4dchen u. Burschen) gut behaupten und k\u00e4mpfte sich auf den wirklich tollen 4ten Platz! <em><strong>Lukas<\/strong><\/em> befindet sich im Moment nach 8 \u00d6-Cup Rennen auf dem gewaltigen <strong>2. Platz der \u00d6-Cupwertung<\/strong>!<\/p>\n","protected":false},"excerpt":{"rendered":"<p>Grafenbacher Radsporttage 26-27.5.2018 Am Samstag Vormittag ging Lukas Grie\u00dfer mit relativ gro\u00dfen Erwartungen an den Start des Prologs &#8211; dem Auftaktrennen in Grafenbach (N\u00d6).\u00a0 Nur 1,3km lang und ziemlich steil bergauf, genau wie er es am Liebsten hat. Mit dem 4. Platz\u00a0 im Ziel war er dann nicht ganz zufrieden, obwohl ihn nur 3sec. vom&hellip;&nbsp;<a href=\"https:\/\/rad.asvi.at\/?p=6908\" class=\"\" rel=\"bookmark\">Weiterlesen &raquo;<span class=\"screen-reader-text\">Tolle Leistungen der Grie\u00dfergeschwister in Grafenbach\/N\u00d6<\/span><\/a><\/p>\n","protected":false},"author":2,"featured_media":6895,"comment_status":"open","ping_status":"closed","sticky":false,"template":"","format":"standard","meta":{"neve_meta_sidebar":"","neve_meta_container":"","neve_meta_enable_content_width":"","neve_meta_content_width":0,"neve_meta_title_alignment":"","neve_meta_author_avatar":"","neve_post_elements_order":"","neve_meta_disable_header":"","neve_meta_disable_footer":"","neve_meta_disable_title":"","footnotes":""},"categories":[9,11],"tags":[],"class_list":["post-6908","post","type-post","status-publish","format-standard","has-post-thumbnail","hentry","category-allgemein","category-rennsport"],"featured_image_urls":{"full":"","thumbnail":"","medium":"","medium_large":"","large":"","xl":"","xxl":"","xxxl":"","xxxxl":"","xxxxxl":"","1536x1536":"","2048x2048":"","neve-blog":""},"post_excerpt_stackable":"<p>Grafenbacher Radsporttage 26-27.5.2018 Am Samstag Vormittag ging Lukas Grie\u00dfer mit relativ gro\u00dfen Erwartungen an den Start des Prologs &#8211; dem Auftaktrennen in Grafenbach (N\u00d6).\u00a0 Nur 1,3km lang und ziemlich steil bergauf, genau wie er es am Liebsten hat. Mit dem 4. Platz\u00a0 im Ziel war er dann nicht ganz zufrieden, obwohl ihn nur 3sec. vom Sieger trennten. Am Nachmittag, beim Kriterium, stellte sich Ramona Grie\u00dfer (U14 M\u00e4dchen) mit weiteren 10 M\u00e4dchen und 10 Burschen an den Start. Sie hatten 6 Runden mit 3 Sprintwertungen zu meistern. Genau beim Start ging ein Regengu\u00df nieder und machte den Kurs noch anspruchsvoller. Doch&hellip;<\/p>\n","category_list":"<a href=\"https:\/\/rad.asvi.at\/?cat=9\" rel=\"category\">Allgemein<\/a>, <a href=\"https:\/\/rad.asvi.at\/?cat=11\" rel=\"category\">Rennsport<\/a>","author_info":{"name":"Roman","url":"https:\/\/rad.asvi.at\/?author=2"},"comments_num":"0 comments","_links":{"self":[{"href":"https:\/\/rad.asvi.at\/index.php?rest_route=\/wp\/v2\/posts\/6908","targetHints":{"allow":["GET"]}}],"collection":[{"href":"https:\/\/rad.asvi.at\/index.php?rest_route=\/wp\/v2\/posts"}],"about":[{"href":"https:\/\/rad.asvi.at\/index.php?rest_route=\/wp\/v2\/types\/post"}],"author":[{"embeddable":true,"href":"https:\/\/rad.asvi.at\/index.php?rest_route=\/wp\/v2\/users\/2"}],"replies":[{"embeddable":true,"href":"https:\/\/rad.asvi.at\/index.php?rest_route=%2Fwp%2Fv2%2Fcomments&post=6908"}],"version-history":[{"count":0,"href":"https:\/\/rad.asvi.at\/index.php?rest_route=\/wp\/v2\/posts\/6908\/revisions"}],"wp:featuredmedia":[{"embeddable":true,"href":"https:\/\/rad.asvi.at\/index.php?rest_route=\/"}],"wp:attachment":[{"href":"https:\/\/rad.asvi.at\/index.php?rest_route=%2Fwp%2Fv2%2Fmedia&parent=6908"}],"wp:term":[{"taxonomy":"category","embeddable":true,"href":"https:\/\/rad.asvi.at\/index.php?rest_route=%2Fwp%2Fv2%2Fcategories&post=6908"},{"taxonomy":"post_tag","embeddable":true,"href":"https:\/\/rad.asvi.at\/index.php?rest_route=%2Fwp%2Fv2%2Ftags&post=6908"}],"curies":[{"name":"wp","href":"https:\/\/api.w.org\/{rel}","templated":true}]}}