{"id":6911,"date":"2018-06-13T15:31:57","date_gmt":"2018-06-13T13:31:57","guid":{"rendered":"http:\/\/www.radclub-inzing.at\/?p=6911"},"modified":"2018-06-13T15:31:57","modified_gmt":"2018-06-13T13:31:57","slug":"2-platz-fur-ramona-grieser-bei-o-cup-rennen","status":"publish","type":"post","link":"https:\/\/rad.asvi.at\/?p=6911","title":{"rendered":"2. Platz f\u00fcr Ramona Grie\u00dfer bei \u00d6-Cup Rennen!"},"content":{"rendered":"<div>Am Wochenende standen 2 \u00d6-Cup Rennen am Plan.<\/div>\n<div>Samstag, 09.06. fand in G\u00f6ssendorf (Stmk) ein Rundstreckenrennen statt.<\/div>\n<div>Die U14 M\u00e4dchen und U13 Burschen hatten am 3,4 km langen flachen,aber selektiven, Rundkurs, 4 Runden zu bew\u00e4tigen.Ramona behauptete sich im beachtlichen 29 k\u00f6pfigen Fahrerfeld,mit ausl\u00e4ndischer Beteiligung, recht gut und kam auf den guten 6.Platz<\/div>\n<div>Lukas Grie\u00dfer U17 hatte mit weiteren 40 Fahrern 17 Runden zu bestreiten.Lukas lieferte ein passables Rennen und kam im Massensprint auf Platz 7.<\/div>\n<div><\/div>\n<div>Sonntag,10.06. stand ein Kriterium bei St.Ruprecht a.R. (Stmk) auf dem Programm.<\/div>\n<div>Ramona hatte 12 Runden a\u00b4 960m mit 4 Wertungen zu bew\u00e4ltigen.Vom Sart weg dr\u00fcckten die M\u00e4dchen und Burschen voll auf die Tube.Ramona gelang es bei der 1. Wertung als 3. zu punkten.Beherzt k\u00e4mpfte sie weiter und punktete abermals als 3. bei der 2. Wertung.Voll in Fahrt hielt sie das Tempo nach der 2. Wertung hoch und kam immer besser in Fahrt.Bei der 3. Wertung schie\u00dft sie sogar als 2. M\u00e4dchen \u00fcber die Linie.In der Letzten Wertungsrunde\/Schlussrunde k\u00e4mpfte sie verbissen und es gelang ihr erneut als 2. zu punkten.Somit erreichte Ramona den unglaublichen 2. Platz! ( bis Platz 5 alles Fahrerinnen des Jahrgangs 2005!)<\/div>\n<div>Die U17 hatte 30 Runden mit 10 Wertungen zu absolvieren.Noch vor der H\u00e4lfte des Rennens setzte sich eine 3 k\u00f6pfige Spitzengruppe ab.Lukas Grie\u00dfer versuchte mit Tim Waffler zur Spitztengruppe aufzuschlie\u00dfen,nahm eine Kurve zu riskant und musste in der angrenzenten\u00a0 Wiese aussteuern. Bald wurde er vom Verfolgerfeld geschluckt.Konnte bei keiner Wertung punkten und landete auf den etwas entt\u00e4uschten 13.Platz.<\/div>\n","protected":false},"excerpt":{"rendered":"<p>Am Wochenende standen 2 \u00d6-Cup Rennen am Plan. Samstag, 09.06. fand in G\u00f6ssendorf (Stmk) ein Rundstreckenrennen statt. Die U14 M\u00e4dchen und U13 Burschen hatten am 3,4 km langen flachen,aber selektiven, Rundkurs, 4 Runden zu bew\u00e4tigen.Ramona behauptete sich im beachtlichen 29 k\u00f6pfigen Fahrerfeld,mit ausl\u00e4ndischer Beteiligung, recht gut und kam auf den guten 6.Platz Lukas Grie\u00dfer U17&hellip;&nbsp;<a href=\"https:\/\/rad.asvi.at\/?p=6911\" class=\"\" rel=\"bookmark\">Weiterlesen &raquo;<span class=\"screen-reader-text\">2. Platz f\u00fcr Ramona Grie\u00dfer bei \u00d6-Cup Rennen!<\/span><\/a><\/p>\n","protected":false},"author":2,"featured_media":6920,"comment_status":"open","ping_status":"closed","sticky":false,"template":"","format":"standard","meta":{"neve_meta_sidebar":"","neve_meta_container":"","neve_meta_enable_content_width":"","neve_meta_content_width":0,"neve_meta_title_alignment":"","neve_meta_author_avatar":"","neve_post_elements_order":"","neve_meta_disable_header":"","neve_meta_disable_footer":"","neve_meta_disable_title":"","footnotes":""},"categories":[9,11],"tags":[],"class_list":["post-6911","post","type-post","status-publish","format-standard","has-post-thumbnail","hentry","category-allgemein","category-rennsport"],"featured_image_urls":{"full":"","thumbnail":"","medium":"","medium_large":"","large":"","xl":"","xxl":"","xxxl":"","xxxxl":"","xxxxxl":"","1536x1536":"","2048x2048":"","neve-blog":""},"post_excerpt_stackable":"<p>Am Wochenende standen 2 \u00d6-Cup Rennen am Plan. Samstag, 09.06. fand in G\u00f6ssendorf (Stmk) ein Rundstreckenrennen statt. Die U14 M\u00e4dchen und U13 Burschen hatten am 3,4 km langen flachen,aber selektiven, Rundkurs, 4 Runden zu bew\u00e4tigen.Ramona behauptete sich im beachtlichen 29 k\u00f6pfigen Fahrerfeld,mit ausl\u00e4ndischer Beteiligung, recht gut und kam auf den guten 6.Platz Lukas Grie\u00dfer U17 hatte mit weiteren 40 Fahrern 17 Runden zu bestreiten.Lukas lieferte ein passables Rennen und kam im Massensprint auf Platz 7. Sonntag,10.06. stand ein Kriterium bei St.Ruprecht a.R. (Stmk) auf dem Programm. Ramona hatte 12 Runden a\u00b4 960m mit 4 Wertungen zu bew\u00e4ltigen.Vom Sart weg dr\u00fcckten&hellip;<\/p>\n","category_list":"<a href=\"https:\/\/rad.asvi.at\/?cat=9\" rel=\"category\">Allgemein<\/a>, <a href=\"https:\/\/rad.asvi.at\/?cat=11\" rel=\"category\">Rennsport<\/a>","author_info":{"name":"Roman","url":"https:\/\/rad.asvi.at\/?author=2"},"comments_num":"0 comments","_links":{"self":[{"href":"https:\/\/rad.asvi.at\/index.php?rest_route=\/wp\/v2\/posts\/6911","targetHints":{"allow":["GET"]}}],"collection":[{"href":"https:\/\/rad.asvi.at\/index.php?rest_route=\/wp\/v2\/posts"}],"about":[{"href":"https:\/\/rad.asvi.at\/index.php?rest_route=\/wp\/v2\/types\/post"}],"author":[{"embeddable":true,"href":"https:\/\/rad.asvi.at\/index.php?rest_route=\/wp\/v2\/users\/2"}],"replies":[{"embeddable":true,"href":"https:\/\/rad.asvi.at\/index.php?rest_route=%2Fwp%2Fv2%2Fcomments&post=6911"}],"version-history":[{"count":0,"href":"https:\/\/rad.asvi.at\/index.php?rest_route=\/wp\/v2\/posts\/6911\/revisions"}],"wp:featuredmedia":[{"embeddable":true,"href":"https:\/\/rad.asvi.at\/index.php?rest_route=\/"}],"wp:attachment":[{"href":"https:\/\/rad.asvi.at\/index.php?rest_route=%2Fwp%2Fv2%2Fmedia&parent=6911"}],"wp:term":[{"taxonomy":"category","embeddable":true,"href":"https:\/\/rad.asvi.at\/index.php?rest_route=%2Fwp%2Fv2%2Fcategories&post=6911"},{"taxonomy":"post_tag","embeddable":true,"href":"https:\/\/rad.asvi.at\/index.php?rest_route=%2Fwp%2Fv2%2Ftags&post=6911"}],"curies":[{"name":"wp","href":"https:\/\/api.w.org\/{rel}","templated":true}]}}