{"id":6940,"date":"2018-07-03T15:22:11","date_gmt":"2018-07-03T13:22:11","guid":{"rendered":"http:\/\/www.radclub-inzing.at\/?p=6940"},"modified":"2018-07-03T15:22:11","modified_gmt":"2018-07-03T13:22:11","slug":"lukas-grieser-wieder-bester-erstjahriger-in-slowenien","status":"publish","type":"post","link":"https:\/\/rad.asvi.at\/?p=6940","title":{"rendered":"Lukas Grie\u00dfer wieder bester Erstj\u00e4hriger in Slowenien"},"content":{"rendered":"<p><strong>29.06-1.07.2018 Nationalteameinsatz in Slowenien<\/strong><\/p>\n<p>Von Wien aus ging es diesesmal mit dem Nationalteam unter Leitung von Richard Kachlmeir f\u00fcr 7 Fahrer nach Slowenien. Mit von der Partie, nat\u00fcrlich Lukas Grie\u00dfer (einziger des jungen Jahrgangs)!Bei der ersten Etappe am Freitag ging es einen 6,8km langen (400hm) Berg hinauf. Gleich nach dem Start kam schon die erste Attacke eines Adria Mobil Fahrers (Slowene), die Lukas n\u00fctzte und sofort richtig nachlegte, sodass er sich mit einer 4er Gruppe vom Feld l\u00f6sen konnte und wieder als 4ter (bester erstj\u00e4hriger) ins Ziel kam. Am Samstag ein \u00fcber 30 Runden (35km) langes, kriterium\u00e4hnliches Rundstreckenrennen, das ab Halbzeit des Rennens von einem gewaltigen Wolkenbruch begleitet wurde. Lukas kam trotzdem als 15ter \u00fcber die Ziellinie und verbesserte sich auf Platz 3 in der Gesamtwertung. Diesmal k\u00e4mpfte sich Bernhard Lube, ein weiterer \u00d6sterreicher, auf Platz 4 dieser Etappe! Am Sonntag dann ein sehr anspruchsvolles Rennen mit 14 Runden (58km\/70hm). Bei diesem Rennen hatten unsere Burschen einiges vor und gingen bei jeder Attacke mit, bis schlu\u00dfendlich Paul Buscheck (RC Stanger Kitzb\u00fchel) mit einem Slowenen einen Vorsprung von ca 30 Sekunden gegen\u00fcber dem Feld heraus fahren und das Rennen im Sprint sogar noch gewinnen konnte! Am Schluss wurde Buscheck in der Gesamtwertung 3ter, Lukas als bester erstj\u00e4hriger Fahrer 4ter und Tim Waffler noch 9ter.<\/p>\n<p><span style=\"color: #000000; font-family: Calibri; font-size: medium;\">\u00a0<\/span><\/p>\n","protected":false},"excerpt":{"rendered":"<p>29.06-1.07.2018 Nationalteameinsatz in Slowenien Von Wien aus ging es diesesmal mit dem Nationalteam unter Leitung von Richard Kachlmeir f\u00fcr 7 Fahrer nach Slowenien. Mit von der Partie, nat\u00fcrlich Lukas Grie\u00dfer (einziger des jungen Jahrgangs)!Bei der ersten Etappe am Freitag ging es einen 6,8km langen (400hm) Berg hinauf. Gleich nach dem Start kam schon die erste&hellip;&nbsp;<a href=\"https:\/\/rad.asvi.at\/?p=6940\" class=\"\" rel=\"bookmark\">Weiterlesen &raquo;<span class=\"screen-reader-text\">Lukas Grie\u00dfer wieder bester Erstj\u00e4hriger in Slowenien<\/span><\/a><\/p>\n","protected":false},"author":2,"featured_media":6944,"comment_status":"open","ping_status":"closed","sticky":false,"template":"","format":"standard","meta":{"neve_meta_sidebar":"","neve_meta_container":"","neve_meta_enable_content_width":"","neve_meta_content_width":0,"neve_meta_title_alignment":"","neve_meta_author_avatar":"","neve_post_elements_order":"","neve_meta_disable_header":"","neve_meta_disable_footer":"","neve_meta_disable_title":"","footnotes":""},"categories":[9,11],"tags":[],"class_list":["post-6940","post","type-post","status-publish","format-standard","has-post-thumbnail","hentry","category-allgemein","category-rennsport"],"featured_image_urls":{"full":"","thumbnail":"","medium":"","medium_large":"","large":"","xl":"","xxl":"","xxxl":"","xxxxl":"","xxxxxl":"","1536x1536":"","2048x2048":"","neve-blog":""},"post_excerpt_stackable":"<p>29.06-1.07.2018 Nationalteameinsatz in Slowenien Von Wien aus ging es diesesmal mit dem Nationalteam unter Leitung von Richard Kachlmeir f\u00fcr 7 Fahrer nach Slowenien. Mit von der Partie, nat\u00fcrlich Lukas Grie\u00dfer (einziger des jungen Jahrgangs)!Bei der ersten Etappe am Freitag ging es einen 6,8km langen (400hm) Berg hinauf. Gleich nach dem Start kam schon die erste Attacke eines Adria Mobil Fahrers (Slowene), die Lukas n\u00fctzte und sofort richtig nachlegte, sodass er sich mit einer 4er Gruppe vom Feld l\u00f6sen konnte und wieder als 4ter (bester erstj\u00e4hriger) ins Ziel kam. Am Samstag ein \u00fcber 30 Runden (35km) langes, kriterium\u00e4hnliches Rundstreckenrennen, das ab&hellip;<\/p>\n","category_list":"<a href=\"https:\/\/rad.asvi.at\/?cat=9\" rel=\"category\">Allgemein<\/a>, <a href=\"https:\/\/rad.asvi.at\/?cat=11\" rel=\"category\">Rennsport<\/a>","author_info":{"name":"Roman","url":"https:\/\/rad.asvi.at\/?author=2"},"comments_num":"0 comments","_links":{"self":[{"href":"https:\/\/rad.asvi.at\/index.php?rest_route=\/wp\/v2\/posts\/6940","targetHints":{"allow":["GET"]}}],"collection":[{"href":"https:\/\/rad.asvi.at\/index.php?rest_route=\/wp\/v2\/posts"}],"about":[{"href":"https:\/\/rad.asvi.at\/index.php?rest_route=\/wp\/v2\/types\/post"}],"author":[{"embeddable":true,"href":"https:\/\/rad.asvi.at\/index.php?rest_route=\/wp\/v2\/users\/2"}],"replies":[{"embeddable":true,"href":"https:\/\/rad.asvi.at\/index.php?rest_route=%2Fwp%2Fv2%2Fcomments&post=6940"}],"version-history":[{"count":0,"href":"https:\/\/rad.asvi.at\/index.php?rest_route=\/wp\/v2\/posts\/6940\/revisions"}],"wp:featuredmedia":[{"embeddable":true,"href":"https:\/\/rad.asvi.at\/index.php?rest_route=\/"}],"wp:attachment":[{"href":"https:\/\/rad.asvi.at\/index.php?rest_route=%2Fwp%2Fv2%2Fmedia&parent=6940"}],"wp:term":[{"taxonomy":"category","embeddable":true,"href":"https:\/\/rad.asvi.at\/index.php?rest_route=%2Fwp%2Fv2%2Fcategories&post=6940"},{"taxonomy":"post_tag","embeddable":true,"href":"https:\/\/rad.asvi.at\/index.php?rest_route=%2Fwp%2Fv2%2Ftags&post=6940"}],"curies":[{"name":"wp","href":"https:\/\/api.w.org\/{rel}","templated":true}]}}