{"id":6952,"date":"2018-07-15T21:53:29","date_gmt":"2018-07-15T19:53:29","guid":{"rendered":"http:\/\/www.radclub-inzing.at\/?p=6952"},"modified":"2018-07-15T21:53:29","modified_gmt":"2018-07-15T19:53:29","slug":"lukas-grieser-fahrt-zu-bronze-bei-om-im-einzelzeitfahren-in-erpfendorf","status":"publish","type":"post","link":"https:\/\/rad.asvi.at\/?p=6952","title":{"rendered":"Lukas Grie\u00dfer f\u00e4hrt zu Bronze bei \u00d6M im Einzelzeitfahren in Erpfendorf!"},"content":{"rendered":"<p><span style=\"font-size: medium;\">Bei sehr guten Bedingungen ging heute Vormittag im Tiroler Unterland die \u00d6sterreichische Meisterschaft im Einzelzeitfahren in den Nachwuchskategorien \u00fcber die B\u00fchne.\u00a0 Bei den <strong>U17<\/strong> startete <strong><em>Lukas Grie\u00dfer<\/em> (\u00d6AMTC RAIKA BKD ASV INZING)<\/strong> als Letzter ins Rennen. In seinem ersten Jahr als U-17-Fahrer wusste er, dass er alles geben wird m\u00fcssen, damit sich eine Medaille ausgeht. Um nichts dem Zufall zu \u00fcberlassen schrieb sein Trainer an der Wende (bei km 7,5) sogar alle Zeiten seiner Konkurrenten mit um die wichtigsten Informationen an seinen Sch\u00fctzling weitergeben zu k\u00f6nnen. Lukas ging das Rennen ziemlich schnell an und lag bei Halbzeit bereits ganz klar auf Medaillenkurs! Gold und Silber waren zwar au\u00dfer Reichweite, Lukas bew\u00e4ltigte die 15km lange Strecke aber in der tollen Zeit von 21:21 Minuten, was eine Durchschnittsgeschwindigkeit von \u00fcber 42 km\/h bedeutete! <\/span><\/p>\n<p><span style=\"font-size: medium;\">F\u00fcr den Inzinger Radclub ging au\u00dferdem <strong><em>Ramona Grie\u00dfer (Md U14)<\/em><\/strong> voll motiviert an den Start. Sie musste eine Strecke von 8 km bew\u00e4ltigen und tat dies bravour\u00f6s! Bei ihrer ersten \u00d6M im Einzelzeitfahren h\u00e4tte sie doch um ein Haar eine Medaille geschafft. Als 4. fehlten ihr nur 7 sec auf die Bronzemedaille!<\/span><\/p>\n<p><span style=\"color: #000000; font-family: Times New Roman; font-size: medium;\">\u00a0<\/span><\/p>\n","protected":false},"excerpt":{"rendered":"<p>Bei sehr guten Bedingungen ging heute Vormittag im Tiroler Unterland die \u00d6sterreichische Meisterschaft im Einzelzeitfahren in den Nachwuchskategorien \u00fcber die B\u00fchne.\u00a0 Bei den U17 startete Lukas Grie\u00dfer (\u00d6AMTC RAIKA BKD ASV INZING) als Letzter ins Rennen. In seinem ersten Jahr als U-17-Fahrer wusste er, dass er alles geben wird m\u00fcssen, damit sich eine Medaille ausgeht.&hellip;&nbsp;<a href=\"https:\/\/rad.asvi.at\/?p=6952\" class=\"\" rel=\"bookmark\">Weiterlesen &raquo;<span class=\"screen-reader-text\">Lukas Grie\u00dfer f\u00e4hrt zu Bronze bei \u00d6M im Einzelzeitfahren in Erpfendorf!<\/span><\/a><\/p>\n","protected":false},"author":2,"featured_media":6954,"comment_status":"open","ping_status":"closed","sticky":false,"template":"","format":"standard","meta":{"neve_meta_sidebar":"","neve_meta_container":"","neve_meta_enable_content_width":"","neve_meta_content_width":0,"neve_meta_title_alignment":"","neve_meta_author_avatar":"","neve_post_elements_order":"","neve_meta_disable_header":"","neve_meta_disable_footer":"","neve_meta_disable_title":"","footnotes":""},"categories":[9,11],"tags":[],"class_list":["post-6952","post","type-post","status-publish","format-standard","has-post-thumbnail","hentry","category-allgemein","category-rennsport"],"featured_image_urls":{"full":"","thumbnail":"","medium":"","medium_large":"","large":"","xl":"","xxl":"","xxxl":"","xxxxl":"","xxxxxl":"","1536x1536":"","2048x2048":"","neve-blog":""},"post_excerpt_stackable":"<p>Bei sehr guten Bedingungen ging heute Vormittag im Tiroler Unterland die \u00d6sterreichische Meisterschaft im Einzelzeitfahren in den Nachwuchskategorien \u00fcber die B\u00fchne.\u00a0 Bei den U17 startete Lukas Grie\u00dfer (\u00d6AMTC RAIKA BKD ASV INZING) als Letzter ins Rennen. In seinem ersten Jahr als U-17-Fahrer wusste er, dass er alles geben wird m\u00fcssen, damit sich eine Medaille ausgeht. Um nichts dem Zufall zu \u00fcberlassen schrieb sein Trainer an der Wende (bei km 7,5) sogar alle Zeiten seiner Konkurrenten mit um die wichtigsten Informationen an seinen Sch\u00fctzling weitergeben zu k\u00f6nnen. Lukas ging das Rennen ziemlich schnell an und lag bei Halbzeit bereits ganz klar&hellip;<\/p>\n","category_list":"<a href=\"https:\/\/rad.asvi.at\/?cat=9\" rel=\"category\">Allgemein<\/a>, <a href=\"https:\/\/rad.asvi.at\/?cat=11\" rel=\"category\">Rennsport<\/a>","author_info":{"name":"Roman","url":"https:\/\/rad.asvi.at\/?author=2"},"comments_num":"0 comments","_links":{"self":[{"href":"https:\/\/rad.asvi.at\/index.php?rest_route=\/wp\/v2\/posts\/6952","targetHints":{"allow":["GET"]}}],"collection":[{"href":"https:\/\/rad.asvi.at\/index.php?rest_route=\/wp\/v2\/posts"}],"about":[{"href":"https:\/\/rad.asvi.at\/index.php?rest_route=\/wp\/v2\/types\/post"}],"author":[{"embeddable":true,"href":"https:\/\/rad.asvi.at\/index.php?rest_route=\/wp\/v2\/users\/2"}],"replies":[{"embeddable":true,"href":"https:\/\/rad.asvi.at\/index.php?rest_route=%2Fwp%2Fv2%2Fcomments&post=6952"}],"version-history":[{"count":0,"href":"https:\/\/rad.asvi.at\/index.php?rest_route=\/wp\/v2\/posts\/6952\/revisions"}],"wp:featuredmedia":[{"embeddable":true,"href":"https:\/\/rad.asvi.at\/index.php?rest_route=\/"}],"wp:attachment":[{"href":"https:\/\/rad.asvi.at\/index.php?rest_route=%2Fwp%2Fv2%2Fmedia&parent=6952"}],"wp:term":[{"taxonomy":"category","embeddable":true,"href":"https:\/\/rad.asvi.at\/index.php?rest_route=%2Fwp%2Fv2%2Fcategories&post=6952"},{"taxonomy":"post_tag","embeddable":true,"href":"https:\/\/rad.asvi.at\/index.php?rest_route=%2Fwp%2Fv2%2Ftags&post=6952"}],"curies":[{"name":"wp","href":"https:\/\/api.w.org\/{rel}","templated":true}]}}