{"id":6958,"date":"2018-07-22T22:45:52","date_gmt":"2018-07-22T20:45:52","guid":{"rendered":"http:\/\/www.radclub-inzing.at\/?p=6958"},"modified":"2018-07-22T22:45:52","modified_gmt":"2018-07-22T20:45:52","slug":"ramona-grieser-siegt-in-pernitz","status":"publish","type":"post","link":"https:\/\/rad.asvi.at\/?p=6958","title":{"rendered":"Ramona Grie\u00dfer siegt in Pernitz!"},"content":{"rendered":"<p>&nbsp;<\/p>\n<p><span style=\"text-decoration: underline;\">Sa 21.07 <\/span><span style=\"text-decoration: underline;\">Kriterium\/Pernitz<\/span><\/p>\n<p>Ramona Grie\u00dfer hatte gemeinsam mit den U13 Burschen und U14 M\u00e4dchen 12 Runden zu fahren, wobei in jeder 3. Runde eine Punktewertung stattfand. Von Beginn an k\u00e4mpfte sie mit den Buben mit und distanzierte so, bis auf Ella Frais (ARB\u00d6 RC Steiner Shopping Purgstall), ihre restlichen Konkurrentinnen. Beim Zieleinlauf war es dann eine klare Sache f\u00fcr Ramona, sie siegte souver\u00e4n vor ihrer Mitstreiterin.<\/p>\n<p>Lukas hatte 28 Runden ( jede 4. Runde Wertung) in einem knappp 40 k\u00f6pfigen Starterfeld mit internationaler Beteiligung ( Slowaken und ein D\u00e4ne) zu absolvieren. Zahlreiche Attacken mit kurzen, \u00fcber maximal 2 &#8211; 3 Runden bestehenden Fluchtgruppen wurden in dem schnellen Rennen immer wieder gestellt. Lukas gelang es bei zwei Wertungen zu punkten. Beim Zielsprint konnte sich Tim Waffler ( Radsport Stanger) und H\u00f6rhandtner Moritz ( RC Grassinger Lambach) absetzen. Am Ende reichte es f\u00fcr Lukas\u00a0 zum guten 6. Platz!<\/p>\n<p>&nbsp;<\/p>\n<p><span style=\"text-decoration: underline;\">So 22.07 Rundstreckenrennen\/Pernitz<\/span><\/p>\n<p>Ramona hatte in ihrer Kategorie 4 Runden auf dem 2,7km langen selektiven Kur zu bew\u00e4ltigen. Die komplette erste Runde konnte sie tapfer im Feld der Burschen mithalten. Im Verlauf der 2. Runde verlor sie dann den Anschluss und kurbelte alleine vor dem M\u00e4dchenfeld vorne weg.. Ella Frais (2. vom Vortag) konnte zu ihr aufschliessen. Die zwei matschten sich im letzten Anstieg und diesesmal hatte Ella die Nase vorn und gewann vor Ramona.<\/p>\n<p>Lukas bestritt 16 Runden. In der 5.setzte sich Tim Waffler mit einem D\u00e4nen und einem Slowaken vom Feld ab. In den folgenden Runden versuchte Lukas im Feld mit m\u00e4\u00dfiger Unterst\u00fctzung das Tempo zu versch\u00e4rfen und den R\u00fcckstand auf die Spitzengruppe auf unter 10 sec. zu dr\u00fccken. Lukas konnte alleine allerdings nicht mehr ausrichten und so liess man die 3 ziehen. Im Zielsprint des Hauptfeldes erreichte Lukas schlie\u00dflich den 7.Rang.<\/p>\n<p><span style=\"color: #000000; font-family: Calibri; font-size: medium;\">\u00a0<\/span><\/p>\n","protected":false},"excerpt":{"rendered":"<p>&nbsp; Sa 21.07 Kriterium\/Pernitz Ramona Grie\u00dfer hatte gemeinsam mit den U13 Burschen und U14 M\u00e4dchen 12 Runden zu fahren, wobei in jeder 3. Runde eine Punktewertung stattfand. Von Beginn an k\u00e4mpfte sie mit den Buben mit und distanzierte so, bis auf Ella Frais (ARB\u00d6 RC Steiner Shopping Purgstall), ihre restlichen Konkurrentinnen. Beim Zieleinlauf war es&hellip;&nbsp;<a href=\"https:\/\/rad.asvi.at\/?p=6958\" class=\"\" rel=\"bookmark\">Weiterlesen &raquo;<span class=\"screen-reader-text\">Ramona Grie\u00dfer siegt in Pernitz!<\/span><\/a><\/p>\n","protected":false},"author":2,"featured_media":6962,"comment_status":"open","ping_status":"closed","sticky":false,"template":"","format":"standard","meta":{"neve_meta_sidebar":"","neve_meta_container":"","neve_meta_enable_content_width":"","neve_meta_content_width":0,"neve_meta_title_alignment":"","neve_meta_author_avatar":"","neve_post_elements_order":"","neve_meta_disable_header":"","neve_meta_disable_footer":"","neve_meta_disable_title":"","footnotes":""},"categories":[9,11],"tags":[],"class_list":["post-6958","post","type-post","status-publish","format-standard","has-post-thumbnail","hentry","category-allgemein","category-rennsport"],"featured_image_urls":{"full":"","thumbnail":"","medium":"","medium_large":"","large":"","xl":"","xxl":"","xxxl":"","xxxxl":"","xxxxxl":"","1536x1536":"","2048x2048":"","neve-blog":""},"post_excerpt_stackable":"<p>&nbsp; Sa 21.07 Kriterium\/Pernitz Ramona Grie\u00dfer hatte gemeinsam mit den U13 Burschen und U14 M\u00e4dchen 12 Runden zu fahren, wobei in jeder 3. Runde eine Punktewertung stattfand. Von Beginn an k\u00e4mpfte sie mit den Buben mit und distanzierte so, bis auf Ella Frais (ARB\u00d6 RC Steiner Shopping Purgstall), ihre restlichen Konkurrentinnen. Beim Zieleinlauf war es dann eine klare Sache f\u00fcr Ramona, sie siegte souver\u00e4n vor ihrer Mitstreiterin. Lukas hatte 28 Runden ( jede 4. Runde Wertung) in einem knappp 40 k\u00f6pfigen Starterfeld mit internationaler Beteiligung ( Slowaken und ein D\u00e4ne) zu absolvieren. Zahlreiche Attacken mit kurzen, \u00fcber maximal 2 &#8211;&hellip;<\/p>\n","category_list":"<a href=\"https:\/\/rad.asvi.at\/?cat=9\" rel=\"category\">Allgemein<\/a>, <a href=\"https:\/\/rad.asvi.at\/?cat=11\" rel=\"category\">Rennsport<\/a>","author_info":{"name":"Roman","url":"https:\/\/rad.asvi.at\/?author=2"},"comments_num":"0 comments","_links":{"self":[{"href":"https:\/\/rad.asvi.at\/index.php?rest_route=\/wp\/v2\/posts\/6958","targetHints":{"allow":["GET"]}}],"collection":[{"href":"https:\/\/rad.asvi.at\/index.php?rest_route=\/wp\/v2\/posts"}],"about":[{"href":"https:\/\/rad.asvi.at\/index.php?rest_route=\/wp\/v2\/types\/post"}],"author":[{"embeddable":true,"href":"https:\/\/rad.asvi.at\/index.php?rest_route=\/wp\/v2\/users\/2"}],"replies":[{"embeddable":true,"href":"https:\/\/rad.asvi.at\/index.php?rest_route=%2Fwp%2Fv2%2Fcomments&post=6958"}],"version-history":[{"count":0,"href":"https:\/\/rad.asvi.at\/index.php?rest_route=\/wp\/v2\/posts\/6958\/revisions"}],"wp:featuredmedia":[{"embeddable":true,"href":"https:\/\/rad.asvi.at\/index.php?rest_route=\/"}],"wp:attachment":[{"href":"https:\/\/rad.asvi.at\/index.php?rest_route=%2Fwp%2Fv2%2Fmedia&parent=6958"}],"wp:term":[{"taxonomy":"category","embeddable":true,"href":"https:\/\/rad.asvi.at\/index.php?rest_route=%2Fwp%2Fv2%2Fcategories&post=6958"},{"taxonomy":"post_tag","embeddable":true,"href":"https:\/\/rad.asvi.at\/index.php?rest_route=%2Fwp%2Fv2%2Ftags&post=6958"}],"curies":[{"name":"wp","href":"https:\/\/api.w.org\/{rel}","templated":true}]}}