{"id":6971,"date":"2018-07-29T21:05:08","date_gmt":"2018-07-29T19:05:08","guid":{"rendered":"http:\/\/www.radclub-inzing.at\/?p=6971"},"modified":"2018-07-29T21:05:08","modified_gmt":"2018-07-29T19:05:08","slug":"lukas-grieser-holt-sensationell-den-titel-in-der-konigsdisziplin","status":"publish","type":"post","link":"https:\/\/rad.asvi.at\/?p=6971","title":{"rendered":"Lukas Grie\u00dfer holt sensationell den Titel in der K\u00f6nigsdisziplin!"},"content":{"rendered":"<p><strong><span style=\"color: #000000; font-family: Calibri; font-size: medium;\">\u00d6sterreichische Meisterschaft Stra\u00dfe\/Purgstall \u2013 28.-29.07.2018<\/span><\/strong><\/p>\n<p><span style=\"color: #000000; font-family: Calibri; font-size: medium;\">Purgstall an der Erlauf \u2013 Sa 28.07.\/15 Uhr: Bei br\u00fchtender Hitze (33,5 Grad Celsius!) fand gestern NM die \u00d6M auf der Stra\u00dfe im nieder\u00f6sterreichischen Purgstall statt, das zum 47. Mal die Int. Erlauftaler Radsporttage ausrichtete. In s\u00e4mtlichen Nachwuchsklassen wurden \u00d6M-Medaillen vergeben. Auf dem selektiven Rundkurs kam es ab der Kategorie der U15 zu einer Zersplitterung des Hauptfeldes und in der Folge zu Solosiegen der st\u00e4rksten Fahrer! Auch Lukas Grie\u00dfer (U17) vom \u00d6AMTC RAIKA BKD ASV INZING d\u00fcpierte alle Favoriten rund um Tim Wafler und Paul Buscheck, indem er sich am vorletzten Anstieg alleine vom Feld absetzte. Lukas gelang es mehr als 10 km bis zum Ziel vorne zu bleiben und seinen urspr\u00fcnglichen Vorsprung von 10 Sekunden auf beachtliche 55 Sekunden auszubauen! Beim Zielleinlauf konnte er in aller Ruhe seinen <strong><em>Solosieg<\/em><\/strong> genie\u00dfen! <\/span><\/p>\n<p><span style=\"color: #000000; font-family: Calibri; font-size: medium;\">Einziger Wermutstropfen an diesem Tag: Lukas kleine Schwester Ramona kam bereits zuvor beim Rennen der M\u00e4dchen U14 schwer zu Sturz und musste von der Rettung mit einer Gehirnersch\u00fctterung ins Krankenhaus gebracht werden, wo sie f\u00fcr 24 Stunden zur Beobachtung station\u00e4r aufgenommen wurde.<\/span><\/p>\n<p><span style=\"color: #000000; font-family: Calibri; font-size: medium;\">Am Sonntag fand dann ein weiteres Rundstreckenrennen statt, das ebenfalls zum \u00d6-Cup z\u00e4hlte. Hier kam es bei den U17 zum Massensprint. Lukas Grie\u00dfer bewies mit einem <strong><em>2. Platz<\/em><\/strong>, dass er auch das Sprinten beherrscht! <\/span><\/p>\n","protected":false},"excerpt":{"rendered":"<p>\u00d6sterreichische Meisterschaft Stra\u00dfe\/Purgstall \u2013 28.-29.07.2018 Purgstall an der Erlauf \u2013 Sa 28.07.\/15 Uhr: Bei br\u00fchtender Hitze (33,5 Grad Celsius!) fand gestern NM die \u00d6M auf der Stra\u00dfe im nieder\u00f6sterreichischen Purgstall statt, das zum 47. Mal die Int. Erlauftaler Radsporttage ausrichtete. In s\u00e4mtlichen Nachwuchsklassen wurden \u00d6M-Medaillen vergeben. Auf dem selektiven Rundkurs kam es ab der Kategorie&hellip;&nbsp;<a href=\"https:\/\/rad.asvi.at\/?p=6971\" class=\"\" rel=\"bookmark\">Weiterlesen &raquo;<span class=\"screen-reader-text\">Lukas Grie\u00dfer holt sensationell den Titel in der K\u00f6nigsdisziplin!<\/span><\/a><\/p>\n","protected":false},"author":2,"featured_media":6972,"comment_status":"open","ping_status":"closed","sticky":false,"template":"","format":"standard","meta":{"neve_meta_sidebar":"","neve_meta_container":"","neve_meta_enable_content_width":"","neve_meta_content_width":0,"neve_meta_title_alignment":"","neve_meta_author_avatar":"","neve_post_elements_order":"","neve_meta_disable_header":"","neve_meta_disable_footer":"","neve_meta_disable_title":"","footnotes":""},"categories":[9,11],"tags":[],"class_list":["post-6971","post","type-post","status-publish","format-standard","has-post-thumbnail","hentry","category-allgemein","category-rennsport"],"featured_image_urls":{"full":"","thumbnail":"","medium":"","medium_large":"","large":"","xl":"","xxl":"","xxxl":"","xxxxl":"","xxxxxl":"","1536x1536":"","2048x2048":"","neve-blog":""},"post_excerpt_stackable":"<p>\u00d6sterreichische Meisterschaft Stra\u00dfe\/Purgstall \u2013 28.-29.07.2018 Purgstall an der Erlauf \u2013 Sa 28.07.\/15 Uhr: Bei br\u00fchtender Hitze (33,5 Grad Celsius!) fand gestern NM die \u00d6M auf der Stra\u00dfe im nieder\u00f6sterreichischen Purgstall statt, das zum 47. Mal die Int. Erlauftaler Radsporttage ausrichtete. In s\u00e4mtlichen Nachwuchsklassen wurden \u00d6M-Medaillen vergeben. Auf dem selektiven Rundkurs kam es ab der Kategorie der U15 zu einer Zersplitterung des Hauptfeldes und in der Folge zu Solosiegen der st\u00e4rksten Fahrer! Auch Lukas Grie\u00dfer (U17) vom \u00d6AMTC RAIKA BKD ASV INZING d\u00fcpierte alle Favoriten rund um Tim Wafler und Paul Buscheck, indem er sich am vorletzten Anstieg alleine vom Feld&hellip;<\/p>\n","category_list":"<a href=\"https:\/\/rad.asvi.at\/?cat=9\" rel=\"category\">Allgemein<\/a>, <a href=\"https:\/\/rad.asvi.at\/?cat=11\" rel=\"category\">Rennsport<\/a>","author_info":{"name":"Roman","url":"https:\/\/rad.asvi.at\/?author=2"},"comments_num":"0 comments","_links":{"self":[{"href":"https:\/\/rad.asvi.at\/index.php?rest_route=\/wp\/v2\/posts\/6971","targetHints":{"allow":["GET"]}}],"collection":[{"href":"https:\/\/rad.asvi.at\/index.php?rest_route=\/wp\/v2\/posts"}],"about":[{"href":"https:\/\/rad.asvi.at\/index.php?rest_route=\/wp\/v2\/types\/post"}],"author":[{"embeddable":true,"href":"https:\/\/rad.asvi.at\/index.php?rest_route=\/wp\/v2\/users\/2"}],"replies":[{"embeddable":true,"href":"https:\/\/rad.asvi.at\/index.php?rest_route=%2Fwp%2Fv2%2Fcomments&post=6971"}],"version-history":[{"count":0,"href":"https:\/\/rad.asvi.at\/index.php?rest_route=\/wp\/v2\/posts\/6971\/revisions"}],"wp:featuredmedia":[{"embeddable":true,"href":"https:\/\/rad.asvi.at\/index.php?rest_route=\/"}],"wp:attachment":[{"href":"https:\/\/rad.asvi.at\/index.php?rest_route=%2Fwp%2Fv2%2Fmedia&parent=6971"}],"wp:term":[{"taxonomy":"category","embeddable":true,"href":"https:\/\/rad.asvi.at\/index.php?rest_route=%2Fwp%2Fv2%2Fcategories&post=6971"},{"taxonomy":"post_tag","embeddable":true,"href":"https:\/\/rad.asvi.at\/index.php?rest_route=%2Fwp%2Fv2%2Ftags&post=6971"}],"curies":[{"name":"wp","href":"https:\/\/api.w.org\/{rel}","templated":true}]}}