{"id":6981,"date":"2018-08-13T01:01:58","date_gmt":"2018-08-12T23:01:58","guid":{"rendered":"http:\/\/www.radclub-inzing.at\/?p=6981"},"modified":"2018-08-13T01:01:58","modified_gmt":"2018-08-12T23:01:58","slug":"lukas-grieser-versilbert-bei-om-berg","status":"publish","type":"post","link":"https:\/\/rad.asvi.at\/?p=6981","title":{"rendered":"Lukas Grie\u00dfer &#8222;versilbert&#8220; bei \u00d6M-Berg!"},"content":{"rendered":"<p><span style=\"color: #000000; font-family: Calibri; font-size: medium;\">\u00d6M-Berg f\u00fcr U17 zgl. Weerbergrennen \u2013 Sa 11.08.2018<\/span><\/p>\n<p><span style=\"color: #000000; font-family: Calibri; font-size: medium;\">\u00a0<\/span><span style=\"color: #000000; font-family: Calibri; font-size: medium;\">Obwohl erst im ersten Jahr bei den U17 unterwegs, galt <strong><em>Lukas Grie\u00dfer<\/em><\/strong> nach seinem fulminanten Sieg bei der \u00d6sterreichischen Meisterschaft auf der Stra\u00dfe vor zwei Wochen vor allem bei den Bergmeisterschaften an diesem WE als einer der ganz gro\u00dfen Favoriten. Dieser Rolle wurde er auch bis ca. 300 m vor dem Ziel vollends gerecht. Bereits ab der H\u00e4lfte des Rennens setzten sich 3 Fahrer deutlich vom Rest des Feldes ab. Die Medaillen waren praktisch schon vergeben, nur wer welche Farbe mit nach Hause nehmen w\u00fcrde, noch nicht. Alle 3 Fahrer der Spitzengruppe kamen aus Tirol: Lukas Grie\u00dfer (\u00d6AMTC RAIKA BKD ASV INZING), Raphael Gomig (RC Tom Tailor W\u00f6rgl) und Marco Schrettl (Union Raiffeisen Radteam Schwaz). Ungef\u00e4hr 1000m vor dem Ziel versuchte Lukas durch eine Tempoversch\u00e4rfung die Gruppe zu sprengen \u2013 was auch gelang. Schrettl, der schon l\u00e4ngere Zeit am \u201eletzten Zacken\u201c an dritter Position gefahren war, musste \u201ereissen\u201c lassen. Zun\u00e4chst sah es sogar danach aus, als ob der b\u00e4renstarke Osttiroler Gomig der Attacke ebenfalls Tribut zollen m\u00fcsste \u2013 der biss sich aber noch einmal an Grie\u00dfer heran. Beide Fahrer reduzierten daraufhin das Tempo deutlich \u2013 der Abstand zu Schrettl war bereits gro\u00df genug. Dann ca. 300m vor dem Ziel erh\u00f6hte Gromig die Pace und siehe da, nun konnte Grie\u00dfer nicht mehr folgen! Da n\u00fctzten auch die Zurufe vom Betreuerwagen aus \u2013 Lukas m\u00f6ge doch am Hinterrad bleiben- nichts mehr, \u201edie Luft war drau\u00dfen\u201c. Gromig fuhr verdient zu Gold, Silber ging an Grie\u00dfer und Bronze an Schrettl! Alle Medaillen also blieben in Tirol!<\/span><\/p>\n","protected":false},"excerpt":{"rendered":"<p>\u00d6M-Berg f\u00fcr U17 zgl. Weerbergrennen \u2013 Sa 11.08.2018 \u00a0Obwohl erst im ersten Jahr bei den U17 unterwegs, galt Lukas Grie\u00dfer nach seinem fulminanten Sieg bei der \u00d6sterreichischen Meisterschaft auf der Stra\u00dfe vor zwei Wochen vor allem bei den Bergmeisterschaften an diesem WE als einer der ganz gro\u00dfen Favoriten. Dieser Rolle wurde er auch bis ca.&hellip;&nbsp;<a href=\"https:\/\/rad.asvi.at\/?p=6981\" class=\"\" rel=\"bookmark\">Weiterlesen &raquo;<span class=\"screen-reader-text\">Lukas Grie\u00dfer &#8222;versilbert&#8220; bei \u00d6M-Berg!<\/span><\/a><\/p>\n","protected":false},"author":2,"featured_media":6982,"comment_status":"open","ping_status":"closed","sticky":false,"template":"","format":"standard","meta":{"neve_meta_sidebar":"","neve_meta_container":"","neve_meta_enable_content_width":"","neve_meta_content_width":0,"neve_meta_title_alignment":"","neve_meta_author_avatar":"","neve_post_elements_order":"","neve_meta_disable_header":"","neve_meta_disable_footer":"","neve_meta_disable_title":"","footnotes":""},"categories":[9,11],"tags":[],"class_list":["post-6981","post","type-post","status-publish","format-standard","has-post-thumbnail","hentry","category-allgemein","category-rennsport"],"featured_image_urls":{"full":"","thumbnail":"","medium":"","medium_large":"","large":"","xl":"","xxl":"","xxxl":"","xxxxl":"","xxxxxl":"","1536x1536":"","2048x2048":"","neve-blog":""},"post_excerpt_stackable":"<p>\u00d6M-Berg f\u00fcr U17 zgl. Weerbergrennen \u2013 Sa 11.08.2018 \u00a0Obwohl erst im ersten Jahr bei den U17 unterwegs, galt Lukas Grie\u00dfer nach seinem fulminanten Sieg bei der \u00d6sterreichischen Meisterschaft auf der Stra\u00dfe vor zwei Wochen vor allem bei den Bergmeisterschaften an diesem WE als einer der ganz gro\u00dfen Favoriten. Dieser Rolle wurde er auch bis ca. 300 m vor dem Ziel vollends gerecht. Bereits ab der H\u00e4lfte des Rennens setzten sich 3 Fahrer deutlich vom Rest des Feldes ab. Die Medaillen waren praktisch schon vergeben, nur wer welche Farbe mit nach Hause nehmen w\u00fcrde, noch nicht. Alle 3 Fahrer der Spitzengruppe&hellip;<\/p>\n","category_list":"<a href=\"https:\/\/rad.asvi.at\/?cat=9\" rel=\"category\">Allgemein<\/a>, <a href=\"https:\/\/rad.asvi.at\/?cat=11\" rel=\"category\">Rennsport<\/a>","author_info":{"name":"Roman","url":"https:\/\/rad.asvi.at\/?author=2"},"comments_num":"0 comments","_links":{"self":[{"href":"https:\/\/rad.asvi.at\/index.php?rest_route=\/wp\/v2\/posts\/6981","targetHints":{"allow":["GET"]}}],"collection":[{"href":"https:\/\/rad.asvi.at\/index.php?rest_route=\/wp\/v2\/posts"}],"about":[{"href":"https:\/\/rad.asvi.at\/index.php?rest_route=\/wp\/v2\/types\/post"}],"author":[{"embeddable":true,"href":"https:\/\/rad.asvi.at\/index.php?rest_route=\/wp\/v2\/users\/2"}],"replies":[{"embeddable":true,"href":"https:\/\/rad.asvi.at\/index.php?rest_route=%2Fwp%2Fv2%2Fcomments&post=6981"}],"version-history":[{"count":0,"href":"https:\/\/rad.asvi.at\/index.php?rest_route=\/wp\/v2\/posts\/6981\/revisions"}],"wp:featuredmedia":[{"embeddable":true,"href":"https:\/\/rad.asvi.at\/index.php?rest_route=\/"}],"wp:attachment":[{"href":"https:\/\/rad.asvi.at\/index.php?rest_route=%2Fwp%2Fv2%2Fmedia&parent=6981"}],"wp:term":[{"taxonomy":"category","embeddable":true,"href":"https:\/\/rad.asvi.at\/index.php?rest_route=%2Fwp%2Fv2%2Fcategories&post=6981"},{"taxonomy":"post_tag","embeddable":true,"href":"https:\/\/rad.asvi.at\/index.php?rest_route=%2Fwp%2Fv2%2Ftags&post=6981"}],"curies":[{"name":"wp","href":"https:\/\/api.w.org\/{rel}","templated":true}]}}