{"id":6988,"date":"2018-08-26T23:28:02","date_gmt":"2018-08-26T21:28:02","guid":{"rendered":"http:\/\/www.radclub-inzing.at\/?p=6988"},"modified":"2018-08-26T23:28:02","modified_gmt":"2018-08-26T21:28:02","slug":"lukas-grieser-aktivster-osterreicher-bei-der-asko-jugendtour-in-der-oststeiermark","status":"publish","type":"post","link":"https:\/\/rad.asvi.at\/?p=6988","title":{"rendered":"Lukas Grie\u00dfer \u201eAktivster \u00d6sterreicher\u201c bei der ASK\u00d6-Jugendtour in der Oststeiermark"},"content":{"rendered":"<p><span style=\"font-family: Calibri;\"><span style=\"font-size: medium;\"><span style=\"color: #000000;\">Von Mittwoch 22.08. bis Sonntag 26.08. wurden bei der bereits traditionellen Jugendrundfahrt auf \u00f6sterreichischem Boden (vorab ASV\u00d6-Jugendtour) ein Prolog und 4 schwere Etappen ausgefahren. <\/span>\u00d6sterreichs 15- bis 16j\u00e4hrige Nachwuchshoffnungen trafen bei dem 276 km langen Rennen auf sehr starke Konkurrenz aus dem Ausland: allein elf echte Nationalauswahlen waren am Start, dazu neun starke Klubteams aus traditionell starken Radsportl\u00e4ndern. <\/span><\/span><span style=\"font-family: Calibri; font-size: medium;\">Einem Inzinger gelang vor vielen Jahren (1996), als erstem \u00d6sterreicher \u00fcberhaupt, sogar der Gesamtsieg dieser Rundfahrt: Florian Draxl. <\/span><span style=\"font-family: Calibri; font-size: medium;\">Auch heuer war wieder ein sehr starker Inzinger Fahrer am Start. Der erst 15-j\u00e4hrige Lukas Grie\u00dfer gilt als ausgesprochen vielseitiges Talent auf dem Rad \u2013 so wurde er erst vor 1 Monat \u00d6sterreichischer Meister auf der Stra\u00dfe. <\/span><span style=\"font-family: Calibri; font-size: medium;\">Lukas Grie\u00dfer konnte sich bei mehreren Etappen ausgezeichnet in Szene setzen und holte f\u00fcr das \u00d6sterreichische Nationalteam 3x das rote Trikot des \u201eAktivsten \u00d6sterreichers\u201c! Bei der schweren K\u00f6nigsetappe \u00fcber 1500 Hm w\u00e4re ihm beinahe gemeinsam mit einem deutschen Fahrer der ganz gro\u00dfe Coup gelungen: beide Fahrer konnten dem Feld bis ca. 5km vor dem Ziel mit einem Vorsprung von bis zu 1:30 Minuten enteilen und alles sah bereits nach einem sicheren Stockerlplatz f\u00fcr Lukas aus, ehe ihn im Finish doch noch die Kr\u00e4fte verlie\u00dfen und das Feld beide Ausrei\u00dfer schluckte.<\/span><span style=\"font-family: Calibri; font-size: medium;\">Auch bei der letzten Etappe war Lukas als 13. der mit Abstand st\u00e4rkste \u00d6sterreicher. In der Gesamtwertung belegte Lukas Grie\u00dfer schlie\u00dflich den 21. Platz (bester \u00d6sterreichischer Fahrer).<\/span><\/p>\n<p>&nbsp;<\/p>\n<p>Video Lukas in Aktion: <a href=\"http:\/\/www.radclub-inzing.at\/?attachment_id=7005\" rel=\"attachment wp-att-7005\">VID-20180826-WA0012<\/a><\/p>\n","protected":false},"excerpt":{"rendered":"<p>Von Mittwoch 22.08. bis Sonntag 26.08. wurden bei der bereits traditionellen Jugendrundfahrt auf \u00f6sterreichischem Boden (vorab ASV\u00d6-Jugendtour) ein Prolog und 4 schwere Etappen ausgefahren. \u00d6sterreichs 15- bis 16j\u00e4hrige Nachwuchshoffnungen trafen bei dem 276 km langen Rennen auf sehr starke Konkurrenz aus dem Ausland: allein elf echte Nationalauswahlen waren am Start, dazu neun starke Klubteams aus&hellip;&nbsp;<a href=\"https:\/\/rad.asvi.at\/?p=6988\" class=\"\" rel=\"bookmark\">Weiterlesen &raquo;<span class=\"screen-reader-text\">Lukas Grie\u00dfer \u201eAktivster \u00d6sterreicher\u201c bei der ASK\u00d6-Jugendtour in der Oststeiermark<\/span><\/a><\/p>\n","protected":false},"author":2,"featured_media":6998,"comment_status":"open","ping_status":"closed","sticky":false,"template":"","format":"standard","meta":{"neve_meta_sidebar":"","neve_meta_container":"","neve_meta_enable_content_width":"","neve_meta_content_width":0,"neve_meta_title_alignment":"","neve_meta_author_avatar":"","neve_post_elements_order":"","neve_meta_disable_header":"","neve_meta_disable_footer":"","neve_meta_disable_title":"","footnotes":""},"categories":[9,11],"tags":[],"class_list":["post-6988","post","type-post","status-publish","format-standard","has-post-thumbnail","hentry","category-allgemein","category-rennsport"],"featured_image_urls":{"full":"","thumbnail":"","medium":"","medium_large":"","large":"","xl":"","xxl":"","xxxl":"","xxxxl":"","xxxxxl":"","1536x1536":"","2048x2048":"","neve-blog":""},"post_excerpt_stackable":"<p>Von Mittwoch 22.08. bis Sonntag 26.08. wurden bei der bereits traditionellen Jugendrundfahrt auf \u00f6sterreichischem Boden (vorab ASV\u00d6-Jugendtour) ein Prolog und 4 schwere Etappen ausgefahren. \u00d6sterreichs 15- bis 16j\u00e4hrige Nachwuchshoffnungen trafen bei dem 276 km langen Rennen auf sehr starke Konkurrenz aus dem Ausland: allein elf echte Nationalauswahlen waren am Start, dazu neun starke Klubteams aus traditionell starken Radsportl\u00e4ndern. Einem Inzinger gelang vor vielen Jahren (1996), als erstem \u00d6sterreicher \u00fcberhaupt, sogar der Gesamtsieg dieser Rundfahrt: Florian Draxl. Auch heuer war wieder ein sehr starker Inzinger Fahrer am Start. Der erst 15-j\u00e4hrige Lukas Grie\u00dfer gilt als ausgesprochen vielseitiges Talent auf dem Rad&hellip;<\/p>\n","category_list":"<a href=\"https:\/\/rad.asvi.at\/?cat=9\" rel=\"category\">Allgemein<\/a>, <a href=\"https:\/\/rad.asvi.at\/?cat=11\" rel=\"category\">Rennsport<\/a>","author_info":{"name":"Roman","url":"https:\/\/rad.asvi.at\/?author=2"},"comments_num":"0 comments","_links":{"self":[{"href":"https:\/\/rad.asvi.at\/index.php?rest_route=\/wp\/v2\/posts\/6988","targetHints":{"allow":["GET"]}}],"collection":[{"href":"https:\/\/rad.asvi.at\/index.php?rest_route=\/wp\/v2\/posts"}],"about":[{"href":"https:\/\/rad.asvi.at\/index.php?rest_route=\/wp\/v2\/types\/post"}],"author":[{"embeddable":true,"href":"https:\/\/rad.asvi.at\/index.php?rest_route=\/wp\/v2\/users\/2"}],"replies":[{"embeddable":true,"href":"https:\/\/rad.asvi.at\/index.php?rest_route=%2Fwp%2Fv2%2Fcomments&post=6988"}],"version-history":[{"count":0,"href":"https:\/\/rad.asvi.at\/index.php?rest_route=\/wp\/v2\/posts\/6988\/revisions"}],"wp:featuredmedia":[{"embeddable":true,"href":"https:\/\/rad.asvi.at\/index.php?rest_route=\/"}],"wp:attachment":[{"href":"https:\/\/rad.asvi.at\/index.php?rest_route=%2Fwp%2Fv2%2Fmedia&parent=6988"}],"wp:term":[{"taxonomy":"category","embeddable":true,"href":"https:\/\/rad.asvi.at\/index.php?rest_route=%2Fwp%2Fv2%2Fcategories&post=6988"},{"taxonomy":"post_tag","embeddable":true,"href":"https:\/\/rad.asvi.at\/index.php?rest_route=%2Fwp%2Fv2%2Ftags&post=6988"}],"curies":[{"name":"wp","href":"https:\/\/api.w.org\/{rel}","templated":true}]}}