{"id":7009,"date":"2018-09-16T10:26:47","date_gmt":"2018-09-16T08:26:47","guid":{"rendered":"http:\/\/www.radclub-inzing.at\/?p=7009"},"modified":"2018-09-16T10:26:47","modified_gmt":"2018-09-16T08:26:47","slug":"o-cup-finale-in-ludersdorf","status":"publish","type":"post","link":"https:\/\/rad.asvi.at\/?p=7009","title":{"rendered":"\u00d6-Cup Finale in Ludersdorf"},"content":{"rendered":"<p>Letzten Sonntag fand bei traumhaften Bedingungen das heurige \u00d6-Cup Finale und \u00d6M Kriterium in Ludersdorf (ST) statt! Ramona Grie\u00dfer (Md U14) stand mit 12 M\u00e4dchen und 15 Burschen gemeinsam am Start und ging voller Ehrgeiz ins letzte Cup-Rennen! Nach 6 von 14 Runden bildete sich eine mehrk\u00f6pfige\u00a0 Spitzengruppe. Ramona f\u00fchrte die erste Verfolgergruppe an und kam als 4tes M\u00e4dchen und Beste ihres Jahrgangs\u00a0 ins Ziel. In der Gesamt \u00d6-Cup Wertung kam sie trotz 2 verletzungsbedingter Ausf\u00e4lle auf den tollen 6ten Platz!<\/p>\n<p>Die Disziplin Kriterium geh\u00f6rt nicht zu Lukas St\u00e4rken und so k\u00e4mpfte er vergeblich um Wertungspunkte. Er musste den sprintstarken Mitstreitern die Medaillen \u00fcberlassen. Da er sich heuer schon \u00d6M Medaillen in allen Farben ( Gold Strasse, Silber Berg und Bronze Einzelzeitfahren) erk\u00e4mpft hat, schmerzte das weniger. Nicht desto trotz kam er in der \u00d6- Cup Gesamtwertung, nach 19 Rennen, auf den beachtlichen 3.Rang.<\/p>\n<p><span style=\"color: #000000; font-family: Calibri; font-size: medium;\">\u00a0<\/span><\/p>\n","protected":false},"excerpt":{"rendered":"<p>Letzten Sonntag fand bei traumhaften Bedingungen das heurige \u00d6-Cup Finale und \u00d6M Kriterium in Ludersdorf (ST) statt! Ramona Grie\u00dfer (Md U14) stand mit 12 M\u00e4dchen und 15 Burschen gemeinsam am Start und ging voller Ehrgeiz ins letzte Cup-Rennen! Nach 6 von 14 Runden bildete sich eine mehrk\u00f6pfige\u00a0 Spitzengruppe. Ramona f\u00fchrte die erste Verfolgergruppe an und&hellip;&nbsp;<a href=\"https:\/\/rad.asvi.at\/?p=7009\" class=\"\" rel=\"bookmark\">Weiterlesen &raquo;<span class=\"screen-reader-text\">\u00d6-Cup Finale in Ludersdorf<\/span><\/a><\/p>\n","protected":false},"author":2,"featured_media":7013,"comment_status":"open","ping_status":"closed","sticky":false,"template":"","format":"standard","meta":{"neve_meta_sidebar":"","neve_meta_container":"","neve_meta_enable_content_width":"","neve_meta_content_width":0,"neve_meta_title_alignment":"","neve_meta_author_avatar":"","neve_post_elements_order":"","neve_meta_disable_header":"","neve_meta_disable_footer":"","neve_meta_disable_title":"","footnotes":""},"categories":[9,11],"tags":[],"class_list":["post-7009","post","type-post","status-publish","format-standard","has-post-thumbnail","hentry","category-allgemein","category-rennsport"],"featured_image_urls":{"full":"","thumbnail":"","medium":"","medium_large":"","large":"","xl":"","xxl":"","xxxl":"","xxxxl":"","xxxxxl":"","1536x1536":"","2048x2048":"","neve-blog":""},"post_excerpt_stackable":"<p>Letzten Sonntag fand bei traumhaften Bedingungen das heurige \u00d6-Cup Finale und \u00d6M Kriterium in Ludersdorf (ST) statt! Ramona Grie\u00dfer (Md U14) stand mit 12 M\u00e4dchen und 15 Burschen gemeinsam am Start und ging voller Ehrgeiz ins letzte Cup-Rennen! Nach 6 von 14 Runden bildete sich eine mehrk\u00f6pfige\u00a0 Spitzengruppe. Ramona f\u00fchrte die erste Verfolgergruppe an und kam als 4tes M\u00e4dchen und Beste ihres Jahrgangs\u00a0 ins Ziel. In der Gesamt \u00d6-Cup Wertung kam sie trotz 2 verletzungsbedingter Ausf\u00e4lle auf den tollen 6ten Platz! Die Disziplin Kriterium geh\u00f6rt nicht zu Lukas St\u00e4rken und so k\u00e4mpfte er vergeblich um Wertungspunkte. Er musste den sprintstarken&hellip;<\/p>\n","category_list":"<a href=\"https:\/\/rad.asvi.at\/?cat=9\" rel=\"category\">Allgemein<\/a>, <a href=\"https:\/\/rad.asvi.at\/?cat=11\" rel=\"category\">Rennsport<\/a>","author_info":{"name":"Roman","url":"https:\/\/rad.asvi.at\/?author=2"},"comments_num":"0 comments","_links":{"self":[{"href":"https:\/\/rad.asvi.at\/index.php?rest_route=\/wp\/v2\/posts\/7009","targetHints":{"allow":["GET"]}}],"collection":[{"href":"https:\/\/rad.asvi.at\/index.php?rest_route=\/wp\/v2\/posts"}],"about":[{"href":"https:\/\/rad.asvi.at\/index.php?rest_route=\/wp\/v2\/types\/post"}],"author":[{"embeddable":true,"href":"https:\/\/rad.asvi.at\/index.php?rest_route=\/wp\/v2\/users\/2"}],"replies":[{"embeddable":true,"href":"https:\/\/rad.asvi.at\/index.php?rest_route=%2Fwp%2Fv2%2Fcomments&post=7009"}],"version-history":[{"count":0,"href":"https:\/\/rad.asvi.at\/index.php?rest_route=\/wp\/v2\/posts\/7009\/revisions"}],"wp:featuredmedia":[{"embeddable":true,"href":"https:\/\/rad.asvi.at\/index.php?rest_route=\/"}],"wp:attachment":[{"href":"https:\/\/rad.asvi.at\/index.php?rest_route=%2Fwp%2Fv2%2Fmedia&parent=7009"}],"wp:term":[{"taxonomy":"category","embeddable":true,"href":"https:\/\/rad.asvi.at\/index.php?rest_route=%2Fwp%2Fv2%2Fcategories&post=7009"},{"taxonomy":"post_tag","embeddable":true,"href":"https:\/\/rad.asvi.at\/index.php?rest_route=%2Fwp%2Fv2%2Ftags&post=7009"}],"curies":[{"name":"wp","href":"https:\/\/api.w.org\/{rel}","templated":true}]}}