{"id":7022,"date":"2018-09-30T22:52:15","date_gmt":"2018-09-30T20:52:15","guid":{"rendered":"http:\/\/www.radclub-inzing.at\/?p=7022"},"modified":"2018-09-30T22:52:15","modified_gmt":"2018-09-30T20:52:15","slug":"tiroler-meisterschaftsmedaillen-fur-grieser-geschwister","status":"publish","type":"post","link":"https:\/\/rad.asvi.at\/?p=7022","title":{"rendered":"Tiroler Meisterschaftsmedaillen f\u00fcr Grie\u00dfer-Geschwister!"},"content":{"rendered":"<div>22.9-23.9.2018 TM in Crosscountry und Kolsassberg Classic<\/div>\n<div><\/div>\n<div>Zum Saisonabschluss lie\u00dfen Ramona (MTB U13) und Lukas (U17) es sich nicht nehmen bei den Tiroler Meisterschaften im Crosscountry an den Start zu gehen.<\/div>\n<div>Ramona hatte drei mittlere Runden zu fahren (3&#215;2,65km\/170hm) kam leider schon in der 1rsten Runde bei der letzten Abfahrt zu Sturz, k\u00e4mpfte aber mit \u00fcblichem Biss weiter und ereichte als 3tes M\u00e4dchen das Ziel. Somit gewann sie heuer schon nach 3 Silbermedallien auf der Stra\u00dfe auch eine in Bronzene auf dem MTB.<\/div>\n<div><\/div>\n<div>Lukas startete gemeinsam mit den Klassen U15\/U17\/Junioren\/Sportklasse und Herren in das 4 Runden (4&#215;3.46\/532hm) lange Rennen. Von Beginn an fuhr ein Junior vorne weg. Lukas war in der 4k\u00f6pfigen Verfolgergruppe voll dabei, bis er bei einer schnellen Abfahrt zu Sturz kam, aber sofort wieder den Anschlu\u00df fand und so als 3ter ins Ziel kam.<\/div>\n<div>Bei den TM konnte er sich die Silbermedaille hinter dem amtierenten \u00f6sterreichischen Meister Marco Schrettl (Union Radteam Tirol) und vor seinem Schulbanknachbaren Ryan Hoendevangers (Racing Team Haiming) sichern.<\/div>\n<div><\/div>\n<div>Am Sonntag noch das Bergrennen auf den Kolsassberg wo Lukas auch wieder eine starke Vorstellung bot und bei den Jugendlichen (14 bis 20 Jahren) auf Platz 2 fuhr. Er musste sich nur dem \u00f6sterreichischen Bergmeiste Rafael Gomig\u00a0 (Tom Tailor W\u00f6rgl) geschlagen geben.<\/div>\n","protected":false},"excerpt":{"rendered":"<p>22.9-23.9.2018 TM in Crosscountry und Kolsassberg Classic Zum Saisonabschluss lie\u00dfen Ramona (MTB U13) und Lukas (U17) es sich nicht nehmen bei den Tiroler Meisterschaften im Crosscountry an den Start zu gehen. Ramona hatte drei mittlere Runden zu fahren (3&#215;2,65km\/170hm) kam leider schon in der 1rsten Runde bei der letzten Abfahrt zu Sturz, k\u00e4mpfte aber mit&hellip;&nbsp;<a href=\"https:\/\/rad.asvi.at\/?p=7022\" class=\"\" rel=\"bookmark\">Weiterlesen &raquo;<span class=\"screen-reader-text\">Tiroler Meisterschaftsmedaillen f\u00fcr Grie\u00dfer-Geschwister!<\/span><\/a><\/p>\n","protected":false},"author":2,"featured_media":7026,"comment_status":"open","ping_status":"closed","sticky":false,"template":"","format":"standard","meta":{"neve_meta_sidebar":"","neve_meta_container":"","neve_meta_enable_content_width":"","neve_meta_content_width":0,"neve_meta_title_alignment":"","neve_meta_author_avatar":"","neve_post_elements_order":"","neve_meta_disable_header":"","neve_meta_disable_footer":"","neve_meta_disable_title":"","footnotes":""},"categories":[9,11],"tags":[],"class_list":["post-7022","post","type-post","status-publish","format-standard","has-post-thumbnail","hentry","category-allgemein","category-rennsport"],"featured_image_urls":{"full":"","thumbnail":"","medium":"","medium_large":"","large":"","xl":"","xxl":"","xxxl":"","xxxxl":"","xxxxxl":"","1536x1536":"","2048x2048":"","neve-blog":""},"post_excerpt_stackable":"<p>22.9-23.9.2018 TM in Crosscountry und Kolsassberg Classic Zum Saisonabschluss lie\u00dfen Ramona (MTB U13) und Lukas (U17) es sich nicht nehmen bei den Tiroler Meisterschaften im Crosscountry an den Start zu gehen. Ramona hatte drei mittlere Runden zu fahren (3&#215;2,65km\/170hm) kam leider schon in der 1rsten Runde bei der letzten Abfahrt zu Sturz, k\u00e4mpfte aber mit \u00fcblichem Biss weiter und ereichte als 3tes M\u00e4dchen das Ziel. Somit gewann sie heuer schon nach 3 Silbermedallien auf der Stra\u00dfe auch eine in Bronzene auf dem MTB. Lukas startete gemeinsam mit den Klassen U15\/U17\/Junioren\/Sportklasse und Herren in das 4 Runden (4&#215;3.46\/532hm) lange Rennen. Von&hellip;<\/p>\n","category_list":"<a href=\"https:\/\/rad.asvi.at\/?cat=9\" rel=\"category\">Allgemein<\/a>, <a href=\"https:\/\/rad.asvi.at\/?cat=11\" rel=\"category\">Rennsport<\/a>","author_info":{"name":"Roman","url":"https:\/\/rad.asvi.at\/?author=2"},"comments_num":"0 comments","_links":{"self":[{"href":"https:\/\/rad.asvi.at\/index.php?rest_route=\/wp\/v2\/posts\/7022","targetHints":{"allow":["GET"]}}],"collection":[{"href":"https:\/\/rad.asvi.at\/index.php?rest_route=\/wp\/v2\/posts"}],"about":[{"href":"https:\/\/rad.asvi.at\/index.php?rest_route=\/wp\/v2\/types\/post"}],"author":[{"embeddable":true,"href":"https:\/\/rad.asvi.at\/index.php?rest_route=\/wp\/v2\/users\/2"}],"replies":[{"embeddable":true,"href":"https:\/\/rad.asvi.at\/index.php?rest_route=%2Fwp%2Fv2%2Fcomments&post=7022"}],"version-history":[{"count":0,"href":"https:\/\/rad.asvi.at\/index.php?rest_route=\/wp\/v2\/posts\/7022\/revisions"}],"wp:featuredmedia":[{"embeddable":true,"href":"https:\/\/rad.asvi.at\/index.php?rest_route=\/"}],"wp:attachment":[{"href":"https:\/\/rad.asvi.at\/index.php?rest_route=%2Fwp%2Fv2%2Fmedia&parent=7022"}],"wp:term":[{"taxonomy":"category","embeddable":true,"href":"https:\/\/rad.asvi.at\/index.php?rest_route=%2Fwp%2Fv2%2Fcategories&post=7022"},{"taxonomy":"post_tag","embeddable":true,"href":"https:\/\/rad.asvi.at\/index.php?rest_route=%2Fwp%2Fv2%2Ftags&post=7022"}],"curies":[{"name":"wp","href":"https:\/\/api.w.org\/{rel}","templated":true}]}}