{"id":7034,"date":"2018-09-30T23:25:55","date_gmt":"2018-09-30T21:25:55","guid":{"rendered":"http:\/\/www.radclub-inzing.at\/?p=7034"},"modified":"2018-09-30T23:25:55","modified_gmt":"2018-09-30T21:25:55","slug":"uci-road-world-championships-innsbruck-tirol-2018","status":"publish","type":"post","link":"https:\/\/rad.asvi.at\/?p=7034","title":{"rendered":"UCI ROAD WORLD CHAMPIONSHIPS INNSBRUCK TIROL 2018"},"content":{"rendered":"<p><strong>Eine grandiose Weltmeisterschaftswoche in Innsbruck erlebte heute seinen absoluten H\u00f6hepunkt!<\/strong><\/p>\n<p>Unser Verein fieberte die gesamte Woche bei den Weltmeisterschaften in der Heimat hautnah am Geschehen mit den Rennfahrern um die Wette. Bei traumhaften Bedingungen an nahezu jedem einzelnen Wettkampftag, ging heute mit dem Stra\u00dfenrennen der M\u00e4nner eine grandiose Woche zu Ende. Noch nie erlebte das Sportland Tirol eine \u00e4hnliche Veranstaltung! H\u00f6chstes Lob an den Veranstalter, der im Vorfeld der WM so viel Kritik hinnehmen hat m\u00fcssen. Viel besser kann man es eigentlich nicht machen.<\/p>\n<p>Auch unser Verein der ASV-Inzing hat am Erfolg dieser Veranstaltung ein kleines R\u00e4dchen beigetragen! Immerhin waren wir 3 Tage mit insgesamt 32 Streckenposten vor Ort &#8211; manche von ihnen hatten an absoluten &#8222;Hotspots&#8220; alle &#8222;H\u00e4nde voll&#8220; zu tun! Danke geb\u00fchrt auch der Sektion Leichtathletik, die unter ihrem Sektionsleiter Heinz Walcher unb\u00fcrokratisch mit 8 Posten ausgeholfen haben.<\/p>\n<p>DANKE, DANKE, DANKE!<\/p>\n<p>&nbsp;<\/p>\n<p>&nbsp;<\/p>\n","protected":false},"excerpt":{"rendered":"<p>Eine grandiose Weltmeisterschaftswoche in Innsbruck erlebte heute seinen absoluten H\u00f6hepunkt! Unser Verein fieberte die gesamte Woche bei den Weltmeisterschaften in der Heimat hautnah am Geschehen mit den Rennfahrern um die Wette. Bei traumhaften Bedingungen an nahezu jedem einzelnen Wettkampftag, ging heute mit dem Stra\u00dfenrennen der M\u00e4nner eine grandiose Woche zu Ende. Noch nie erlebte das&hellip;&nbsp;<a href=\"https:\/\/rad.asvi.at\/?p=7034\" class=\"\" rel=\"bookmark\">Weiterlesen &raquo;<span class=\"screen-reader-text\">UCI ROAD WORLD CHAMPIONSHIPS INNSBRUCK TIROL 2018<\/span><\/a><\/p>\n","protected":false},"author":2,"featured_media":7040,"comment_status":"open","ping_status":"closed","sticky":false,"template":"","format":"standard","meta":{"neve_meta_sidebar":"","neve_meta_container":"","neve_meta_enable_content_width":"","neve_meta_content_width":0,"neve_meta_title_alignment":"","neve_meta_author_avatar":"","neve_post_elements_order":"","neve_meta_disable_header":"","neve_meta_disable_footer":"","neve_meta_disable_title":"","footnotes":""},"categories":[9,11],"tags":[],"class_list":["post-7034","post","type-post","status-publish","format-standard","has-post-thumbnail","hentry","category-allgemein","category-rennsport"],"featured_image_urls":{"full":"","thumbnail":"","medium":"","medium_large":"","large":"","xl":"","xxl":"","xxxl":"","xxxxl":"","xxxxxl":"","1536x1536":"","2048x2048":"","neve-blog":""},"post_excerpt_stackable":"<p>Eine grandiose Weltmeisterschaftswoche in Innsbruck erlebte heute seinen absoluten H\u00f6hepunkt! Unser Verein fieberte die gesamte Woche bei den Weltmeisterschaften in der Heimat hautnah am Geschehen mit den Rennfahrern um die Wette. Bei traumhaften Bedingungen an nahezu jedem einzelnen Wettkampftag, ging heute mit dem Stra\u00dfenrennen der M\u00e4nner eine grandiose Woche zu Ende. Noch nie erlebte das Sportland Tirol eine \u00e4hnliche Veranstaltung! H\u00f6chstes Lob an den Veranstalter, der im Vorfeld der WM so viel Kritik hinnehmen hat m\u00fcssen. Viel besser kann man es eigentlich nicht machen. Auch unser Verein der ASV-Inzing hat am Erfolg dieser Veranstaltung ein kleines R\u00e4dchen beigetragen! Immerhin waren&hellip;<\/p>\n","category_list":"<a href=\"https:\/\/rad.asvi.at\/?cat=9\" rel=\"category\">Allgemein<\/a>, <a href=\"https:\/\/rad.asvi.at\/?cat=11\" rel=\"category\">Rennsport<\/a>","author_info":{"name":"Roman","url":"https:\/\/rad.asvi.at\/?author=2"},"comments_num":"0 comments","_links":{"self":[{"href":"https:\/\/rad.asvi.at\/index.php?rest_route=\/wp\/v2\/posts\/7034","targetHints":{"allow":["GET"]}}],"collection":[{"href":"https:\/\/rad.asvi.at\/index.php?rest_route=\/wp\/v2\/posts"}],"about":[{"href":"https:\/\/rad.asvi.at\/index.php?rest_route=\/wp\/v2\/types\/post"}],"author":[{"embeddable":true,"href":"https:\/\/rad.asvi.at\/index.php?rest_route=\/wp\/v2\/users\/2"}],"replies":[{"embeddable":true,"href":"https:\/\/rad.asvi.at\/index.php?rest_route=%2Fwp%2Fv2%2Fcomments&post=7034"}],"version-history":[{"count":0,"href":"https:\/\/rad.asvi.at\/index.php?rest_route=\/wp\/v2\/posts\/7034\/revisions"}],"wp:featuredmedia":[{"embeddable":true,"href":"https:\/\/rad.asvi.at\/index.php?rest_route=\/"}],"wp:attachment":[{"href":"https:\/\/rad.asvi.at\/index.php?rest_route=%2Fwp%2Fv2%2Fmedia&parent=7034"}],"wp:term":[{"taxonomy":"category","embeddable":true,"href":"https:\/\/rad.asvi.at\/index.php?rest_route=%2Fwp%2Fv2%2Fcategories&post=7034"},{"taxonomy":"post_tag","embeddable":true,"href":"https:\/\/rad.asvi.at\/index.php?rest_route=%2Fwp%2Fv2%2Ftags&post=7034"}],"curies":[{"name":"wp","href":"https:\/\/api.w.org\/{rel}","templated":true}]}}