{"id":7059,"date":"2019-04-07T22:31:56","date_gmt":"2019-04-07T20:31:56","guid":{"rendered":"http:\/\/www.radclub-inzing.at\/?p=7059"},"modified":"2019-04-07T22:31:56","modified_gmt":"2019-04-07T20:31:56","slug":"start-in-die-neue-radsaison-2019","status":"publish","type":"post","link":"https:\/\/rad.asvi.at\/?p=7059","title":{"rendered":"START IN DIE NEUE RADSAISON 2019"},"content":{"rendered":"<p><strong>Liebe Radsportfreunde! \u00a0\u00a0\u00a0\u00a0\u00a0\u00a0\u00a0\u00a0\u00a0\u00a0\u00a0\u00a0\u00a0\u00a0\u00a0\u00a0\u00a0\u00a0\u00a0\u00a0\u00a0\u00a0\u00a0\u00a0\u00a0\u00a0\u00a0\u00a0\u00a0\u00a0\u00a0\u00a0\u00a0\u00a0\u00a0\u00a0\u00a0\u00a0\u00a0\u00a0\u00a0\u00a0\u00a0\u00a0\u00a0\u00a0\u00a0\u00a0\u00a0\u00a0\u00a0\u00a0\u00a0\u00a0\u00a0\u00a0\u00a0\u00a0\u00a0\u00a0\u00a0\u00a0\u00a0\u00a0\u00a0\u00a0\u00a0\u00a0\u00a0\u00a0\u00a0\u00a0\u00a0\u00a0\u00a0\u00a0\u00a0\u00a0\u00a0\u00a0\u00a0\u00a0\u00a0\u00a0 <\/strong>M\u00e4rz 2019<\/p>\n<p>Der Winter nimmt ein Ende, der Schnee schmilzt und die Temperaturen steigen und somit ist es wieder Zeit das Rennrad aus dem Keller zu holen. Also freuen wir uns auf eine erfolgreiche Saison und viele gemeinsame Aktivit\u00e4ten im Jahr 2019!<\/p>\n<p><strong>Termine:<\/strong><\/p>\n<p>SA 27.04.19 \u00a0\u00a0\u00a0\u00a0\u00a0\u00a0\u00a0 Anradeln &#8211; 14:00 Treffpunkt: Inzing Schwimmbad<\/p>\n<p>SA 11.05.19\u00a0\u00a0 \u00a0\u00a0\u00a0\u00a0\u00a0 Gemeinsame Ausfahrt: Inzing Schwimmbad- Mieming- Inzing (ca. 50 km\/600 hm)<\/p>\n<p>FR 17.05.19 \u00a0\u00a0\u00a0\u00a0\u00a0\u00a0\u00a0\u00a0 Kinderrennen &#8211; 17:00 Treffpunkt: Men\u00fcmobil<\/p>\n<p>FR 14.06.19\u00a0 \u00a0\u00a0\u00a0\u00a0\u00a0\u00a0\u00a0 Paarzeitenfahren \u2013 18.00 Treffpunkt Cafe Elisabeth Zirl<\/p>\n<p>SO 16.06.19\u00a0 \u00a0\u00a0\u00a0\u00a0\u00a0\u00a0 \u00d6-Cup Rennen Toblaten ( mit \u00d6M-Junioren)<\/p>\n<p>&nbsp;<\/p>\n<p>Nachdem letztes Jahr der GP Toblaten nicht ausgetragen wurde, findet er dieses Jahr wieder statt und zwar als Teil des \u00d6-Cups mit \u00f6sterreichischer Meisterschaft f\u00fcr die Junioren!\u00a0 Wir hoffen, dass sich einige von euch zur Verf\u00fcgung stellen bei der Organisation mitzuhelfen oder zumindest auf die Strecke gehen um unsere Rennfahrer anzufeuern.<\/p>\n<p>Des Weiteren wird jeden Monat eine gemeinsame\u00a0 Ausfahrt organisiert, diese werden jeweils einen Monat davor per Email angek\u00fcndigt. Zu diesen Ausfahrten ist nat\u00fcrlich jeder recht herzlich eingeladen. Es w\u00e4re w\u00fcnschenswert wenn wir eine Zusage zu den jeweiligen Ausfahrten per Email\u00a0 (florian.hirsch1911@gmail.com) oder per\u00a0 Whatsapp (tel. 0677\/61724319) erhalten w\u00fcrden.<\/p>\n<p>Aktuelle Termine,\u00a0 lnformationen und Verschiebungen werden immer auch auf unserer Homepage bekannt gegeben. <span style=\"text-decoration: underline;\">www.radclub-inzing.at<\/span><\/p>\n<p><strong>Vereinsshop:<\/strong><\/p>\n<p>Es gibt nach wie vor Dressen die bei Irmgard zu beziehen sind. Ihre Tel. Nr. lautet 05238\/88 088 Dressen sind ebenfalls bei Irmgard abholbereit. Alter Lagerbestand wird zu Sonderkonditionen abgegeben!<\/p>\n<p>Trikot neu \u20ac 49,00 \u00a0\u00a0\u00a0\u00a0\u00a0\u00a0\u00a0\u00a0\u00a0\u00a0\u00a0\u00a0 Hose neu \u20ac 95,00 \u00a0\u00a0\u00a0\u00a0\u00a0\u00a0\u00a0\u00a0\u00a0\u00a0\u00a0\u00a0\u00a0\u00a0\u00a0 Handschuhe neu \u20ac 25,00<\/p>\n<p><strong>Mitgliedsbeitr\u00e4ge:<\/strong><\/p>\n<p>Ab dem 19. Lebensjahr ( Jahrgang 2000)\u00a0\u00a0\u00a0\u00a0\u00a0\u00a0 \u20ac 15,00\u00a0\u00a0\u00a0\u00a0\u00a0 RAIFF.REG. BANK TELFS Filiale Inzing<\/p>\n<p>Bis zum 18. Lebensjahr ( Jahrgang 2001)\u00a0\u00a0\u00a0\u00a0\u00a0 \u20ac 10,00\u00a0\u00a0\u00a0\u00a0\u00a0 IBAN: AT47 3633 6000 0773 0476<\/p>\n<p>Familienbeitrag Kinder bis zum 15. L.J.\u00a0\u00a0\u00a0\u00a0\u00a0\u00a0\u00a0\u00a0 \u20ac 30,00\u00a0\u00a0\u00a0\u00a0\u00a0 BIC: RZTIAT22336<\/p>\n<p>Lizenz- und Ausbildungsgeb\u00fchr\u00a0\u00a0\u00a0\u00a0\u00a0\u00a0\u00a0\u00a0\u00a0\u00a0\u00a0\u00a0\u00a0\u00a0\u00a0\u00a0\u00a0\u00a0\u00a0\u00a0\u00a0\u00a0 \u20ac 90,00\u00a0 \u00a0\u00a0\u00a0\u00a0\u00a0 ASVI Inzing<\/p>\n<p><strong>E-Mail Adressen: <\/strong><\/p>\n<p>Bitte \u00c4nderungen und Bekanntgabe der E-Mail Adresse an: florian.hirsch911@gmail.com. Alle die letztes Jahr keine Aussendung per E-Mail erhalten haben, bitte noch einmal die aktuelle E-Mail Adresse an florian.hirsch1911@gmail.com zu schicken. Um Kosten zu sparen werden die News nur mehr per E- Mail ausgesendet.<\/p>\n<p>Wir d\u00fcrfen darauf hinweisen, dass alle \u00c4nderungen von Veranstaltungen auf unserer Homepage unter <span style=\"text-decoration: underline;\">www.radclub-inzing.at<\/span> bekannt gegeben werden.<\/p>\n<p>&nbsp;<\/p>\n<p><strong>Sponsoren gesucht:<\/strong><\/p>\n<p>Wenn jemand gute Kontakte zu eventuellen Sponsoren hat, bitte unbedingt melden. Leider hatten wir in den letzten Jahren immer wieder Zahlungsausf\u00e4lle von Sponsoren und sind deshalb auf st\u00e4ndiger Suche!<\/p>\n<p>Wir w\u00fcnschen Euch eine sportlich erfolgreiche und sturzfreie Saison 2019.<\/p>\n<p>&nbsp;<\/p>\n<p>Thomas Grie\u00dfer, Elias Farbmacher und das Team des \u00d6AMTC RAIKA BKD ASV INZING<\/p>\n<p>www.asvi.at<\/p>\n<p><a href=\"http:\/\/www.radclub-inzing.at\/?attachment_id=7060\" rel=\"attachment wp-att-7060\">Inzing Ausschreibung 2019<\/a><\/p>\n","protected":false},"excerpt":{"rendered":"<p>Liebe Radsportfreunde! \u00a0\u00a0\u00a0\u00a0\u00a0\u00a0\u00a0\u00a0\u00a0\u00a0\u00a0\u00a0\u00a0\u00a0\u00a0\u00a0\u00a0\u00a0\u00a0\u00a0\u00a0\u00a0\u00a0\u00a0\u00a0\u00a0\u00a0\u00a0\u00a0\u00a0\u00a0\u00a0\u00a0\u00a0\u00a0\u00a0\u00a0\u00a0\u00a0\u00a0\u00a0\u00a0\u00a0\u00a0\u00a0\u00a0\u00a0\u00a0\u00a0\u00a0\u00a0\u00a0\u00a0\u00a0\u00a0\u00a0\u00a0\u00a0\u00a0\u00a0\u00a0\u00a0\u00a0\u00a0\u00a0\u00a0\u00a0\u00a0\u00a0\u00a0\u00a0\u00a0\u00a0\u00a0\u00a0\u00a0\u00a0\u00a0\u00a0\u00a0\u00a0\u00a0\u00a0\u00a0 M\u00e4rz 2019 Der Winter nimmt ein Ende, der Schnee schmilzt und die Temperaturen steigen und somit ist es wieder Zeit das Rennrad aus dem Keller zu holen. Also freuen wir uns auf eine erfolgreiche Saison und viele gemeinsame Aktivit\u00e4ten im Jahr 2019! Termine: SA 27.04.19 \u00a0\u00a0\u00a0\u00a0\u00a0\u00a0\u00a0 Anradeln &#8211; 14:00 Treffpunkt: Inzing Schwimmbad&hellip;&nbsp;<a href=\"https:\/\/rad.asvi.at\/?p=7059\" class=\"\" rel=\"bookmark\">Weiterlesen &raquo;<span class=\"screen-reader-text\">START IN DIE NEUE RADSAISON 2019<\/span><\/a><\/p>\n","protected":false},"author":2,"featured_media":7061,"comment_status":"open","ping_status":"closed","sticky":false,"template":"","format":"standard","meta":{"neve_meta_sidebar":"","neve_meta_container":"","neve_meta_enable_content_width":"","neve_meta_content_width":0,"neve_meta_title_alignment":"","neve_meta_author_avatar":"","neve_post_elements_order":"","neve_meta_disable_header":"","neve_meta_disable_footer":"","neve_meta_disable_title":"","footnotes":""},"categories":[9,10,11],"tags":[],"class_list":["post-7059","post","type-post","status-publish","format-standard","has-post-thumbnail","hentry","category-allgemein","category-hobbysport","category-rennsport"],"featured_image_urls":{"full":"","thumbnail":"","medium":"","medium_large":"","large":"","xl":"","xxl":"","xxxl":"","xxxxl":"","xxxxxl":"","1536x1536":"","2048x2048":"","neve-blog":""},"post_excerpt_stackable":"<p>Liebe Radsportfreunde! \u00a0\u00a0\u00a0\u00a0\u00a0\u00a0\u00a0\u00a0\u00a0\u00a0\u00a0\u00a0\u00a0\u00a0\u00a0\u00a0\u00a0\u00a0\u00a0\u00a0\u00a0\u00a0\u00a0\u00a0\u00a0\u00a0\u00a0\u00a0\u00a0\u00a0\u00a0\u00a0\u00a0\u00a0\u00a0\u00a0\u00a0\u00a0\u00a0\u00a0\u00a0\u00a0\u00a0\u00a0\u00a0\u00a0\u00a0\u00a0\u00a0\u00a0\u00a0\u00a0\u00a0\u00a0\u00a0\u00a0\u00a0\u00a0\u00a0\u00a0\u00a0\u00a0\u00a0\u00a0\u00a0\u00a0\u00a0\u00a0\u00a0\u00a0\u00a0\u00a0\u00a0\u00a0\u00a0\u00a0\u00a0\u00a0\u00a0\u00a0\u00a0\u00a0\u00a0\u00a0 M\u00e4rz 2019 Der Winter nimmt ein Ende, der Schnee schmilzt und die Temperaturen steigen und somit ist es wieder Zeit das Rennrad aus dem Keller zu holen. Also freuen wir uns auf eine erfolgreiche Saison und viele gemeinsame Aktivit\u00e4ten im Jahr 2019! Termine: SA 27.04.19 \u00a0\u00a0\u00a0\u00a0\u00a0\u00a0\u00a0 Anradeln &#8211; 14:00 Treffpunkt: Inzing Schwimmbad SA 11.05.19\u00a0\u00a0 \u00a0\u00a0\u00a0\u00a0\u00a0 Gemeinsame Ausfahrt: Inzing Schwimmbad- Mieming- Inzing (ca. 50 km\/600 hm) FR 17.05.19 \u00a0\u00a0\u00a0\u00a0\u00a0\u00a0\u00a0\u00a0 Kinderrennen &#8211; 17:00 Treffpunkt: Men\u00fcmobil FR 14.06.19\u00a0 \u00a0\u00a0\u00a0\u00a0\u00a0\u00a0\u00a0 Paarzeitenfahren \u2013 18.00 Treffpunkt Cafe Elisabeth Zirl SO 16.06.19\u00a0 \u00a0\u00a0\u00a0\u00a0\u00a0\u00a0 \u00d6-Cup Rennen Toblaten ( mit \u00d6M-Junioren) &nbsp; Nachdem letztes Jahr der&hellip;<\/p>\n","category_list":"<a href=\"https:\/\/rad.asvi.at\/?cat=9\" rel=\"category\">Allgemein<\/a>, <a href=\"https:\/\/rad.asvi.at\/?cat=10\" rel=\"category\">Hobbysport<\/a>, <a href=\"https:\/\/rad.asvi.at\/?cat=11\" rel=\"category\">Rennsport<\/a>","author_info":{"name":"Roman","url":"https:\/\/rad.asvi.at\/?author=2"},"comments_num":"0 comments","_links":{"self":[{"href":"https:\/\/rad.asvi.at\/index.php?rest_route=\/wp\/v2\/posts\/7059","targetHints":{"allow":["GET"]}}],"collection":[{"href":"https:\/\/rad.asvi.at\/index.php?rest_route=\/wp\/v2\/posts"}],"about":[{"href":"https:\/\/rad.asvi.at\/index.php?rest_route=\/wp\/v2\/types\/post"}],"author":[{"embeddable":true,"href":"https:\/\/rad.asvi.at\/index.php?rest_route=\/wp\/v2\/users\/2"}],"replies":[{"embeddable":true,"href":"https:\/\/rad.asvi.at\/index.php?rest_route=%2Fwp%2Fv2%2Fcomments&post=7059"}],"version-history":[{"count":0,"href":"https:\/\/rad.asvi.at\/index.php?rest_route=\/wp\/v2\/posts\/7059\/revisions"}],"wp:featuredmedia":[{"embeddable":true,"href":"https:\/\/rad.asvi.at\/index.php?rest_route=\/"}],"wp:attachment":[{"href":"https:\/\/rad.asvi.at\/index.php?rest_route=%2Fwp%2Fv2%2Fmedia&parent=7059"}],"wp:term":[{"taxonomy":"category","embeddable":true,"href":"https:\/\/rad.asvi.at\/index.php?rest_route=%2Fwp%2Fv2%2Fcategories&post=7059"},{"taxonomy":"post_tag","embeddable":true,"href":"https:\/\/rad.asvi.at\/index.php?rest_route=%2Fwp%2Fv2%2Ftags&post=7059"}],"curies":[{"name":"wp","href":"https:\/\/api.w.org\/{rel}","templated":true}]}}