{"id":7073,"date":"2019-04-08T17:18:20","date_gmt":"2019-04-08T15:18:20","guid":{"rendered":"http:\/\/www.radclub-inzing.at\/?p=7073"},"modified":"2019-04-08T17:18:20","modified_gmt":"2019-04-08T15:18:20","slug":"wettkampfsaison-2019-fur-inzings-radnachwuchs-eroffnet","status":"publish","type":"post","link":"https:\/\/rad.asvi.at\/?p=7073","title":{"rendered":"Wettkampfsaison 2019 f\u00fcr Inzings Radnachwuchs er\u00f6ffnet!"},"content":{"rendered":"<p><strong>Trient\/Italien<\/strong>:<\/p>\n<p>Bereits letztes Wochenende startete <em><strong>Lukas Grie\u00dfer<\/strong><\/em> im Dress der Tiroler Landesauswahl (Leistungszentrum Tirol) bei einem Rundstreckenrennen in Trient in die diesj\u00e4hrige WK-Saison. Lukas pr\u00e4sentierte sich dabei ausgezeichnet &#8211; v.a. auf dem selektiven Anstieg war er immer an vorderster Front. Leider wurde das Rennen dann durch einen Sturz 2 Runden vor Schluss f\u00fcr 20 Minuten unterbrochen. Ausgerechnet einer seiner Teamkollegen verletzte sich dabei ziemlich schwer. Nach dem &#8222;Kaltstart&#8220; auf den letzten 2 Runden war dann auch die Motivation dahin und Lukas beendete im Hauptfeld das stark besetzte Rennen (\u00dcber 100 Starter bei den U17).<\/p>\n<p><strong>Ezf Ybbs<\/strong>:<\/p>\n<p>Am 6. April dann das erste Rennen auf heimischem Boden. Das traditionsreiche Ezf in Ybbs ist immer gleich eine Art Standortbestimmung f\u00fcr die Form im Fr\u00fchjahr. <em><strong>Lukas Grie\u00dfer<\/strong><\/em> (U17) zeigte mit seinem Sieg (\u00fcber 43 km\/h Schnitt!), dass auch in diesem Wettkampfjahr mit ihm zu rechnen ist! Sein Wettkampfdeb\u00fct feierte bei den Inzingern<em><strong> Felix R\u00fctzler<\/strong><\/em> in der Kategorie U15. Der Kemater Senkrechtstarter kam bei starker Besetzung immerhin auf den 21. Platz (\u00fcber 35 km\/h Schnitt!)<\/p>\n<p><strong>Wels<\/strong>:<\/p>\n<p>Am 7. April dann der Fr\u00fchjahrsklassiker in \u00d6sterreich &#8211; das<strong> Kirschbl\u00fctenrennen<\/strong> in Wels. Lukas Grie\u00dfer war wieder in sehr guter Verfassung und konnte sich mit einer 8-k\u00f6pfigen Spitzengruppe vom Feld absetzen. Im Sprint hatte er allerdings das Nachsehen und belegte schlie\u00dflich den 6. Platz. Felix R\u00fctzler bei seinem ersten richtigen Stra\u00dfenrennen, konnte im Vergleich zum Vortag sogar noch einige Pl\u00e4tze gutmachen und war mit dem 19. Platz zufrieden!<\/p>\n","protected":false},"excerpt":{"rendered":"<p>Trient\/Italien: Bereits letztes Wochenende startete Lukas Grie\u00dfer im Dress der Tiroler Landesauswahl (Leistungszentrum Tirol) bei einem Rundstreckenrennen in Trient in die diesj\u00e4hrige WK-Saison. Lukas pr\u00e4sentierte sich dabei ausgezeichnet &#8211; v.a. auf dem selektiven Anstieg war er immer an vorderster Front. Leider wurde das Rennen dann durch einen Sturz 2 Runden vor Schluss f\u00fcr 20 Minuten&hellip;&nbsp;<a href=\"https:\/\/rad.asvi.at\/?p=7073\" class=\"\" rel=\"bookmark\">Weiterlesen &raquo;<span class=\"screen-reader-text\">Wettkampfsaison 2019 f\u00fcr Inzings Radnachwuchs er\u00f6ffnet!<\/span><\/a><\/p>\n","protected":false},"author":2,"featured_media":7074,"comment_status":"open","ping_status":"closed","sticky":false,"template":"","format":"standard","meta":{"neve_meta_sidebar":"","neve_meta_container":"","neve_meta_enable_content_width":"","neve_meta_content_width":0,"neve_meta_title_alignment":"","neve_meta_author_avatar":"","neve_post_elements_order":"","neve_meta_disable_header":"","neve_meta_disable_footer":"","neve_meta_disable_title":"","footnotes":""},"categories":[9,11],"tags":[],"class_list":["post-7073","post","type-post","status-publish","format-standard","has-post-thumbnail","hentry","category-allgemein","category-rennsport"],"featured_image_urls":{"full":"","thumbnail":"","medium":"","medium_large":"","large":"","xl":"","xxl":"","xxxl":"","xxxxl":"","xxxxxl":"","1536x1536":"","2048x2048":"","neve-blog":""},"post_excerpt_stackable":"<p>Trient\/Italien: Bereits letztes Wochenende startete Lukas Grie\u00dfer im Dress der Tiroler Landesauswahl (Leistungszentrum Tirol) bei einem Rundstreckenrennen in Trient in die diesj\u00e4hrige WK-Saison. Lukas pr\u00e4sentierte sich dabei ausgezeichnet &#8211; v.a. auf dem selektiven Anstieg war er immer an vorderster Front. Leider wurde das Rennen dann durch einen Sturz 2 Runden vor Schluss f\u00fcr 20 Minuten unterbrochen. Ausgerechnet einer seiner Teamkollegen verletzte sich dabei ziemlich schwer. Nach dem &#8222;Kaltstart&#8220; auf den letzten 2 Runden war dann auch die Motivation dahin und Lukas beendete im Hauptfeld das stark besetzte Rennen (\u00dcber 100 Starter bei den U17). Ezf Ybbs: Am 6. April dann&hellip;<\/p>\n","category_list":"<a href=\"https:\/\/rad.asvi.at\/?cat=9\" rel=\"category\">Allgemein<\/a>, <a href=\"https:\/\/rad.asvi.at\/?cat=11\" rel=\"category\">Rennsport<\/a>","author_info":{"name":"Roman","url":"https:\/\/rad.asvi.at\/?author=2"},"comments_num":"0 comments","_links":{"self":[{"href":"https:\/\/rad.asvi.at\/index.php?rest_route=\/wp\/v2\/posts\/7073","targetHints":{"allow":["GET"]}}],"collection":[{"href":"https:\/\/rad.asvi.at\/index.php?rest_route=\/wp\/v2\/posts"}],"about":[{"href":"https:\/\/rad.asvi.at\/index.php?rest_route=\/wp\/v2\/types\/post"}],"author":[{"embeddable":true,"href":"https:\/\/rad.asvi.at\/index.php?rest_route=\/wp\/v2\/users\/2"}],"replies":[{"embeddable":true,"href":"https:\/\/rad.asvi.at\/index.php?rest_route=%2Fwp%2Fv2%2Fcomments&post=7073"}],"version-history":[{"count":0,"href":"https:\/\/rad.asvi.at\/index.php?rest_route=\/wp\/v2\/posts\/7073\/revisions"}],"wp:featuredmedia":[{"embeddable":true,"href":"https:\/\/rad.asvi.at\/index.php?rest_route=\/"}],"wp:attachment":[{"href":"https:\/\/rad.asvi.at\/index.php?rest_route=%2Fwp%2Fv2%2Fmedia&parent=7073"}],"wp:term":[{"taxonomy":"category","embeddable":true,"href":"https:\/\/rad.asvi.at\/index.php?rest_route=%2Fwp%2Fv2%2Fcategories&post=7073"},{"taxonomy":"post_tag","embeddable":true,"href":"https:\/\/rad.asvi.at\/index.php?rest_route=%2Fwp%2Fv2%2Ftags&post=7073"}],"curies":[{"name":"wp","href":"https:\/\/api.w.org\/{rel}","templated":true}]}}