{"id":7089,"date":"2019-04-27T22:49:59","date_gmt":"2019-04-27T20:49:59","guid":{"rendered":"http:\/\/www.radclub-inzing.at\/?p=7089"},"modified":"2019-04-27T22:49:59","modified_gmt":"2019-04-27T20:49:59","slug":"ramona-grieser-siegt-im-pielachtal","status":"publish","type":"post","link":"https:\/\/rad.asvi.at\/?p=7089","title":{"rendered":"Ramona Grie\u00dfer siegt im Pielachtal!"},"content":{"rendered":"<p><strong><span style=\"text-decoration: underline;\">Fliegerhorst\/Markersdorf \u2013 14.-15.04.2019<\/span><\/strong><\/p>\n<p><strong><em>Ramona Grie\u00dfer<\/em><\/strong> (Md U14) feierte bei ihren ersten 2 Renneins\u00e4tzen in diesem Jahr\u00a0 gleich 2 Siege! Im Pielachtal (N\u00d6) fanden an diesem WE gleich 2 \u00d6-Cuprennen statt. Nicht ganz so glatt lief es f\u00fcr den Bruder von Ramona <strong><em>Lukas Grie\u00dfer<\/em><\/strong> bei den U17. Beide Rennen waren wohl etwas zu leicht f\u00fcr den Bergspezialisten, sodass es jeweils zu einem Zielsprint kam. Am Sa auf komplett flacher \u201eBetonpiste\u201c wurde er 6. und am Sonntag bildete sich am Anstieg wenigstens eine Spitzengruppe heraus, wo Lukas mit von der Partie war. Im Zielsprint dieser 8-k\u00f6pfigen Gruppe erreichte er immerhin\u00a0 den 4. Platz.<\/p>\n","protected":false},"excerpt":{"rendered":"<p>Fliegerhorst\/Markersdorf \u2013 14.-15.04.2019 Ramona Grie\u00dfer (Md U14) feierte bei ihren ersten 2 Renneins\u00e4tzen in diesem Jahr\u00a0 gleich 2 Siege! Im Pielachtal (N\u00d6) fanden an diesem WE gleich 2 \u00d6-Cuprennen statt. Nicht ganz so glatt lief es f\u00fcr den Bruder von Ramona Lukas Grie\u00dfer bei den U17. Beide Rennen waren wohl etwas zu leicht f\u00fcr den&hellip;&nbsp;<a href=\"https:\/\/rad.asvi.at\/?p=7089\" class=\"\" rel=\"bookmark\">Weiterlesen &raquo;<span class=\"screen-reader-text\">Ramona Grie\u00dfer siegt im Pielachtal!<\/span><\/a><\/p>\n","protected":false},"author":2,"featured_media":7090,"comment_status":"open","ping_status":"closed","sticky":false,"template":"","format":"standard","meta":{"neve_meta_sidebar":"","neve_meta_container":"","neve_meta_enable_content_width":"","neve_meta_content_width":0,"neve_meta_title_alignment":"","neve_meta_author_avatar":"","neve_post_elements_order":"","neve_meta_disable_header":"","neve_meta_disable_footer":"","neve_meta_disable_title":"","footnotes":""},"categories":[9,11],"tags":[],"class_list":["post-7089","post","type-post","status-publish","format-standard","has-post-thumbnail","hentry","category-allgemein","category-rennsport"],"featured_image_urls":{"full":"","thumbnail":"","medium":"","medium_large":"","large":"","xl":"","xxl":"","xxxl":"","xxxxl":"","xxxxxl":"","1536x1536":"","2048x2048":"","neve-blog":""},"post_excerpt_stackable":"<p>Fliegerhorst\/Markersdorf \u2013 14.-15.04.2019 Ramona Grie\u00dfer (Md U14) feierte bei ihren ersten 2 Renneins\u00e4tzen in diesem Jahr\u00a0 gleich 2 Siege! Im Pielachtal (N\u00d6) fanden an diesem WE gleich 2 \u00d6-Cuprennen statt. Nicht ganz so glatt lief es f\u00fcr den Bruder von Ramona Lukas Grie\u00dfer bei den U17. Beide Rennen waren wohl etwas zu leicht f\u00fcr den Bergspezialisten, sodass es jeweils zu einem Zielsprint kam. Am Sa auf komplett flacher \u201eBetonpiste\u201c wurde er 6. und am Sonntag bildete sich am Anstieg wenigstens eine Spitzengruppe heraus, wo Lukas mit von der Partie war. Im Zielsprint dieser 8-k\u00f6pfigen Gruppe erreichte er immerhin\u00a0 den 4.&hellip;<\/p>\n","category_list":"<a href=\"https:\/\/rad.asvi.at\/?cat=9\" rel=\"category\">Allgemein<\/a>, <a href=\"https:\/\/rad.asvi.at\/?cat=11\" rel=\"category\">Rennsport<\/a>","author_info":{"name":"Roman","url":"https:\/\/rad.asvi.at\/?author=2"},"comments_num":"0 comments","_links":{"self":[{"href":"https:\/\/rad.asvi.at\/index.php?rest_route=\/wp\/v2\/posts\/7089","targetHints":{"allow":["GET"]}}],"collection":[{"href":"https:\/\/rad.asvi.at\/index.php?rest_route=\/wp\/v2\/posts"}],"about":[{"href":"https:\/\/rad.asvi.at\/index.php?rest_route=\/wp\/v2\/types\/post"}],"author":[{"embeddable":true,"href":"https:\/\/rad.asvi.at\/index.php?rest_route=\/wp\/v2\/users\/2"}],"replies":[{"embeddable":true,"href":"https:\/\/rad.asvi.at\/index.php?rest_route=%2Fwp%2Fv2%2Fcomments&post=7089"}],"version-history":[{"count":0,"href":"https:\/\/rad.asvi.at\/index.php?rest_route=\/wp\/v2\/posts\/7089\/revisions"}],"wp:featuredmedia":[{"embeddable":true,"href":"https:\/\/rad.asvi.at\/index.php?rest_route=\/"}],"wp:attachment":[{"href":"https:\/\/rad.asvi.at\/index.php?rest_route=%2Fwp%2Fv2%2Fmedia&parent=7089"}],"wp:term":[{"taxonomy":"category","embeddable":true,"href":"https:\/\/rad.asvi.at\/index.php?rest_route=%2Fwp%2Fv2%2Fcategories&post=7089"},{"taxonomy":"post_tag","embeddable":true,"href":"https:\/\/rad.asvi.at\/index.php?rest_route=%2Fwp%2Fv2%2Ftags&post=7089"}],"curies":[{"name":"wp","href":"https:\/\/api.w.org\/{rel}","templated":true}]}}