{"id":7099,"date":"2019-04-30T22:18:30","date_gmt":"2019-04-30T20:18:30","guid":{"rendered":"http:\/\/www.radclub-inzing.at\/?p=7099"},"modified":"2019-04-30T22:18:30","modified_gmt":"2019-04-30T20:18:30","slug":"siege-auf-der-hungerburg-und-in-langkampfen","status":"publish","type":"post","link":"https:\/\/rad.asvi.at\/?p=7099","title":{"rendered":"Siege auf der Hungerburg und in Langkampfen"},"content":{"rendered":"<p><strong><span style=\"text-decoration: underline;\">Samstag 27.04.2019 \u2013 Hungerburg Classic<\/span><\/strong><\/p>\n<p>Bei \u00fcberraschend angenehmen Bedingungen fand heute das traditionelle Bergrennen von Innsbruck (H\u00f6tting) auf die Hungerburg statt. Der \u00d6AMTC RAIKA BKD ASV INZING war mit 5 Fahrern am Start. <strong><em>Ramona Grie\u00dfer<\/em><\/strong> holte sich souver\u00e4n den Sieg in der M\u00e4dchen U14 Klasse. <strong><em>Felix R\u00fctzler<\/em><\/strong> (Kematen) siegte in der Kategorie U15 ebenfalls in einer tollen Zeit. Einziger Wehrmutstropfen \u2013 in den Nachwuchskategorien waren nur ganz wenige Starter gekommen. Bei den Burschen U17 (Start von ganz unten\/3,5km) entwickelte sich ein spannender Zweikampf zwischen <strong><em>Lukas Grie\u00dfer<\/em><\/strong> (Inzing) und <em>Alexander Hajek<\/em> (N\u00d6). Die beiden Fahrer konnten sich auf Initiative von Grie\u00dfer deutlich von den anderen Fahrern absetzen. Leider beteiligte sich Hajek aber nicht bei der F\u00fchrungsarbeit, weshalb die \u201eMeute\u201c beinahe wieder herangekommen w\u00e4re. Lukas Grie\u00dfer sah sich deshalb gezwungen das Tempo abermals zu forcieren, Hajek taktierte weiter und blieb bis kurz vor dem Ziel an seinem Hinterrad. So kam es wie es kommen musste \u2013 Lukas verlor den Zielsprint und war sichtlich ver\u00e4rgert \u00fcber seinen \u201eNationalteamkollegen\u201c!<\/p>\n<p>Bei den Amateuren gelang <strong><em>Florian Hirsch<\/em><\/strong> eine beachtliche Zeit und eine Platzierung in den Preisgeldr\u00e4ngen. <strong><em>Elias Farbmacher<\/em><\/strong> hatte heute hingegen nicht die besten Beine und wurde\u00a0 (wahrscheinlich sp\u00fcrte er noch das harte ASV\u00d6-Trainingslager in der Karwoche in Salurn!)<\/p>\n<p><strong>Sonntag 28.04.2019 &#8211; Ernst Feuchtner Ged\u00e4chtnisrennen in Langkampfen<\/strong><\/p>\n<p>Bei kaltem aber trockenen Wetter waren Inzings Nachwuchsathleten auch beim rundstreckenrennen im Unterland sehr erfolgreich. <em><strong>Ramona Grie\u00dfer<\/strong><\/em> wiederholte ihren Sieg vom Vortag und ist damit heuer noch ungeschlagen! (4 Rennen\/4 Siege!). Bei den Burschen U15 kam<em><strong> Felix R\u00fctzler<\/strong><\/em> auf den beachtlichen 11. und<em><strong> Lukas Grie\u00dfer<\/strong> <\/em>(U17) auf den 8. Platz. Bei beiden Kategorien kam es im Finale zu einem Massensprint.<\/p>\n","protected":false},"excerpt":{"rendered":"<p>Samstag 27.04.2019 \u2013 Hungerburg Classic Bei \u00fcberraschend angenehmen Bedingungen fand heute das traditionelle Bergrennen von Innsbruck (H\u00f6tting) auf die Hungerburg statt. Der \u00d6AMTC RAIKA BKD ASV INZING war mit 5 Fahrern am Start. Ramona Grie\u00dfer holte sich souver\u00e4n den Sieg in der M\u00e4dchen U14 Klasse. Felix R\u00fctzler (Kematen) siegte in der Kategorie U15 ebenfalls in&hellip;&nbsp;<a href=\"https:\/\/rad.asvi.at\/?p=7099\" class=\"\" rel=\"bookmark\">Weiterlesen &raquo;<span class=\"screen-reader-text\">Siege auf der Hungerburg und in Langkampfen<\/span><\/a><\/p>\n","protected":false},"author":2,"featured_media":7106,"comment_status":"open","ping_status":"closed","sticky":false,"template":"","format":"standard","meta":{"neve_meta_sidebar":"","neve_meta_container":"","neve_meta_enable_content_width":"","neve_meta_content_width":0,"neve_meta_title_alignment":"","neve_meta_author_avatar":"","neve_post_elements_order":"","neve_meta_disable_header":"","neve_meta_disable_footer":"","neve_meta_disable_title":"","footnotes":""},"categories":[9,11],"tags":[],"class_list":["post-7099","post","type-post","status-publish","format-standard","has-post-thumbnail","hentry","category-allgemein","category-rennsport"],"featured_image_urls":{"full":"","thumbnail":"","medium":"","medium_large":"","large":"","xl":"","xxl":"","xxxl":"","xxxxl":"","xxxxxl":"","1536x1536":"","2048x2048":"","neve-blog":""},"post_excerpt_stackable":"<p>Samstag 27.04.2019 \u2013 Hungerburg Classic Bei \u00fcberraschend angenehmen Bedingungen fand heute das traditionelle Bergrennen von Innsbruck (H\u00f6tting) auf die Hungerburg statt. Der \u00d6AMTC RAIKA BKD ASV INZING war mit 5 Fahrern am Start. Ramona Grie\u00dfer holte sich souver\u00e4n den Sieg in der M\u00e4dchen U14 Klasse. Felix R\u00fctzler (Kematen) siegte in der Kategorie U15 ebenfalls in einer tollen Zeit. Einziger Wehrmutstropfen \u2013 in den Nachwuchskategorien waren nur ganz wenige Starter gekommen. Bei den Burschen U17 (Start von ganz unten\/3,5km) entwickelte sich ein spannender Zweikampf zwischen Lukas Grie\u00dfer (Inzing) und Alexander Hajek (N\u00d6). Die beiden Fahrer konnten sich auf Initiative von Grie\u00dfer&hellip;<\/p>\n","category_list":"<a href=\"https:\/\/rad.asvi.at\/?cat=9\" rel=\"category\">Allgemein<\/a>, <a href=\"https:\/\/rad.asvi.at\/?cat=11\" rel=\"category\">Rennsport<\/a>","author_info":{"name":"Roman","url":"https:\/\/rad.asvi.at\/?author=2"},"comments_num":"0 comments","_links":{"self":[{"href":"https:\/\/rad.asvi.at\/index.php?rest_route=\/wp\/v2\/posts\/7099","targetHints":{"allow":["GET"]}}],"collection":[{"href":"https:\/\/rad.asvi.at\/index.php?rest_route=\/wp\/v2\/posts"}],"about":[{"href":"https:\/\/rad.asvi.at\/index.php?rest_route=\/wp\/v2\/types\/post"}],"author":[{"embeddable":true,"href":"https:\/\/rad.asvi.at\/index.php?rest_route=\/wp\/v2\/users\/2"}],"replies":[{"embeddable":true,"href":"https:\/\/rad.asvi.at\/index.php?rest_route=%2Fwp%2Fv2%2Fcomments&post=7099"}],"version-history":[{"count":0,"href":"https:\/\/rad.asvi.at\/index.php?rest_route=\/wp\/v2\/posts\/7099\/revisions"}],"wp:featuredmedia":[{"embeddable":true,"href":"https:\/\/rad.asvi.at\/index.php?rest_route=\/"}],"wp:attachment":[{"href":"https:\/\/rad.asvi.at\/index.php?rest_route=%2Fwp%2Fv2%2Fmedia&parent=7099"}],"wp:term":[{"taxonomy":"category","embeddable":true,"href":"https:\/\/rad.asvi.at\/index.php?rest_route=%2Fwp%2Fv2%2Fcategories&post=7099"},{"taxonomy":"post_tag","embeddable":true,"href":"https:\/\/rad.asvi.at\/index.php?rest_route=%2Fwp%2Fv2%2Ftags&post=7099"}],"curies":[{"name":"wp","href":"https:\/\/api.w.org\/{rel}","templated":true}]}}