{"id":7126,"date":"2019-05-19T22:22:54","date_gmt":"2019-05-19T20:22:54","guid":{"rendered":"http:\/\/www.radclub-inzing.at\/?p=7126"},"modified":"2019-05-19T22:22:54","modified_gmt":"2019-05-19T20:22:54","slug":"ramona-grieser-auch-beim-kriterium-in-sebersdorf-spitze","status":"publish","type":"post","link":"https:\/\/rad.asvi.at\/?p=7126","title":{"rendered":"Ramona Grie\u00dfer auch beim Kriterium in Sebersdorf Spitze!"},"content":{"rendered":"<p>Am 12.5 (Muttertag) stand Ramona Grie\u00dfer (\u00d6AMTC RAIKA BKD ASV INZING) im Oststeirischen Sebersdorf bei einem \u00d6-Cup-Kriterium am Start. 10 M\u00e4dchen und 14 Burschen hatten 16 Runden des sehr kurvigen Kurses zu meistern. Jede 4ter Runde gab es eine Wertungsrunde wo es um Punkte ging. In der 3ten Runde konnte sich Ramona mit zwei M\u00e4dchen vom Feld absetzen und bei jeder Wertung ordendlich punkten. Sie lieferte sich mit Sophie Walcher (Weiz\/Stm) einen regelrechten Zweikampf der am Schlu\u00df mit Punktegleichstand endete. Da aber Ramona bei der letzten Wertung um Haaresbreite hinter Sophie war, landete Ramona auf dem 2ten Platz bei den M\u00e4dchen U14 und bei den Burschen U13 auf Rang 3!<\/p>\n<p>&nbsp;<\/p>\n","protected":false},"excerpt":{"rendered":"<p>Am 12.5 (Muttertag) stand Ramona Grie\u00dfer (\u00d6AMTC RAIKA BKD ASV INZING) im Oststeirischen Sebersdorf bei einem \u00d6-Cup-Kriterium am Start. 10 M\u00e4dchen und 14 Burschen hatten 16 Runden des sehr kurvigen Kurses zu meistern. Jede 4ter Runde gab es eine Wertungsrunde wo es um Punkte ging. In der 3ten Runde konnte sich Ramona mit zwei M\u00e4dchen&hellip;&nbsp;<a href=\"https:\/\/rad.asvi.at\/?p=7126\" class=\"\" rel=\"bookmark\">Weiterlesen &raquo;<span class=\"screen-reader-text\">Ramona Grie\u00dfer auch beim Kriterium in Sebersdorf Spitze!<\/span><\/a><\/p>\n","protected":false},"author":2,"featured_media":7129,"comment_status":"open","ping_status":"closed","sticky":false,"template":"","format":"standard","meta":{"neve_meta_sidebar":"","neve_meta_container":"","neve_meta_enable_content_width":"","neve_meta_content_width":0,"neve_meta_title_alignment":"","neve_meta_author_avatar":"","neve_post_elements_order":"","neve_meta_disable_header":"","neve_meta_disable_footer":"","neve_meta_disable_title":"","footnotes":""},"categories":[9,11],"tags":[],"class_list":["post-7126","post","type-post","status-publish","format-standard","has-post-thumbnail","hentry","category-allgemein","category-rennsport"],"featured_image_urls":{"full":"","thumbnail":"","medium":"","medium_large":"","large":"","xl":"","xxl":"","xxxl":"","xxxxl":"","xxxxxl":"","1536x1536":"","2048x2048":"","neve-blog":""},"post_excerpt_stackable":"<p>Am 12.5 (Muttertag) stand Ramona Grie\u00dfer (\u00d6AMTC RAIKA BKD ASV INZING) im Oststeirischen Sebersdorf bei einem \u00d6-Cup-Kriterium am Start. 10 M\u00e4dchen und 14 Burschen hatten 16 Runden des sehr kurvigen Kurses zu meistern. Jede 4ter Runde gab es eine Wertungsrunde wo es um Punkte ging. In der 3ten Runde konnte sich Ramona mit zwei M\u00e4dchen vom Feld absetzen und bei jeder Wertung ordendlich punkten. Sie lieferte sich mit Sophie Walcher (Weiz\/Stm) einen regelrechten Zweikampf der am Schlu\u00df mit Punktegleichstand endete. Da aber Ramona bei der letzten Wertung um Haaresbreite hinter Sophie war, landete Ramona auf dem 2ten Platz bei den&hellip;<\/p>\n","category_list":"<a href=\"https:\/\/rad.asvi.at\/?cat=9\" rel=\"category\">Allgemein<\/a>, <a href=\"https:\/\/rad.asvi.at\/?cat=11\" rel=\"category\">Rennsport<\/a>","author_info":{"name":"Roman","url":"https:\/\/rad.asvi.at\/?author=2"},"comments_num":"0 comments","_links":{"self":[{"href":"https:\/\/rad.asvi.at\/index.php?rest_route=\/wp\/v2\/posts\/7126","targetHints":{"allow":["GET"]}}],"collection":[{"href":"https:\/\/rad.asvi.at\/index.php?rest_route=\/wp\/v2\/posts"}],"about":[{"href":"https:\/\/rad.asvi.at\/index.php?rest_route=\/wp\/v2\/types\/post"}],"author":[{"embeddable":true,"href":"https:\/\/rad.asvi.at\/index.php?rest_route=\/wp\/v2\/users\/2"}],"replies":[{"embeddable":true,"href":"https:\/\/rad.asvi.at\/index.php?rest_route=%2Fwp%2Fv2%2Fcomments&post=7126"}],"version-history":[{"count":0,"href":"https:\/\/rad.asvi.at\/index.php?rest_route=\/wp\/v2\/posts\/7126\/revisions"}],"wp:featuredmedia":[{"embeddable":true,"href":"https:\/\/rad.asvi.at\/index.php?rest_route=\/"}],"wp:attachment":[{"href":"https:\/\/rad.asvi.at\/index.php?rest_route=%2Fwp%2Fv2%2Fmedia&parent=7126"}],"wp:term":[{"taxonomy":"category","embeddable":true,"href":"https:\/\/rad.asvi.at\/index.php?rest_route=%2Fwp%2Fv2%2Fcategories&post=7126"},{"taxonomy":"post_tag","embeddable":true,"href":"https:\/\/rad.asvi.at\/index.php?rest_route=%2Fwp%2Fv2%2Ftags&post=7126"}],"curies":[{"name":"wp","href":"https:\/\/api.w.org\/{rel}","templated":true}]}}