{"id":7131,"date":"2019-05-19T22:27:05","date_gmt":"2019-05-19T20:27:05","guid":{"rendered":"http:\/\/www.radclub-inzing.at\/?p=7131"},"modified":"2019-05-19T22:27:05","modified_gmt":"2019-05-19T20:27:05","slug":"inzinger-kinder-und-schulerradrennen-zgl-asvo-tirol-kids-cup-2019","status":"publish","type":"post","link":"https:\/\/rad.asvi.at\/?p=7131","title":{"rendered":"Inzinger Kinder- und Sch\u00fclerradrennen zgl. ASV\u00d6-Tirol-Kid\u00b4s Cup 2019"},"content":{"rendered":"<p>Am Freitag 17.05. um 17 Uhr fand das Inzinger Kinder- und Sch\u00fclerradrennen diesmal auf ge\u00e4nderter Strecke (der Men\u00fc-Mobil-Rundkurs stand leider wegen einer Baustelle nicht zur Verf\u00fcgung) statt. Start war bei der Murkapelle oberhalb des Schwimmbades und das Ziel f\u00fcr alle Kid\u00b4s in Toblaten \u2013 immerhin 800m mussten bew\u00e4ltigt werden und die Kinder taten dies bravour\u00f6s! Die j\u00fcngsten Kids waren sogar erst 3 Jahre alt und mit dem Laufrad unterwegs! Es waren auch heuer immerhin 30 Kinder uns Sch\u00fcler am Start! Der Veranstalter (\u00d6AMTC RAIKA BKD ASV INZING) hatte wie immer Wettergl\u00fcck \u2013 sogar der Wind blies in die richtige Richtung! Im Beisein des Inzinger B\u00fcrgermeisters Sepp Walch (Zeitnehmung!), Klaus Draxl, Walter Falch (beide ASV\u00d6 Tirol) und der Obfrau des ASV-Inzing Birgit Neuner zeigten die Kid\u00b4s tolle Leistungen. Diese wurden dann auch f\u00fcr jedes teilnehmende Kind\u00a0mit Pokalen, Saftln und einem Eis belohnt! Die Klassensieger bekamen auch noch einen zus\u00e4tzlichen Preis vom ASV\u00d6-Tirol gesponsert. Alle freuten sich riesig und versprachen n\u00e4chstes Jahr wieder zu kommen!<\/p>\n<p><a href=\"http:\/\/www.radclub-inzing.at\/?attachment_id=7145\" rel=\"attachment wp-att-7145\">Offizielle Ergebnisliste 17052019<\/a><\/p>\n<p>Weitere Fotos auf: <a href=\"https:\/\/onedrive.live.com\/?authkey=%21AF2EkLquhzATjcs&amp;id=EF527309A01D97AD%21858&amp;cid=EF527309A01D97AD\">https:\/\/onedrive.live.com\/?authkey=%21AF2EkLquhzATjcs&amp;id=EF527309A01D97AD%21858&amp;cid=EF527309A01D97AD<\/a><\/p>\n<p>&nbsp;<\/p>\n<p>&nbsp;<\/p>\n<p>&nbsp;<\/p>\n<p>&nbsp;<\/p>\n","protected":false},"excerpt":{"rendered":"<p>Am Freitag 17.05. um 17 Uhr fand das Inzinger Kinder- und Sch\u00fclerradrennen diesmal auf ge\u00e4nderter Strecke (der Men\u00fc-Mobil-Rundkurs stand leider wegen einer Baustelle nicht zur Verf\u00fcgung) statt. Start war bei der Murkapelle oberhalb des Schwimmbades und das Ziel f\u00fcr alle Kid\u00b4s in Toblaten \u2013 immerhin 800m mussten bew\u00e4ltigt werden und die Kinder taten dies bravour\u00f6s!&hellip;&nbsp;<a href=\"https:\/\/rad.asvi.at\/?p=7131\" class=\"\" rel=\"bookmark\">Weiterlesen &raquo;<span class=\"screen-reader-text\">Inzinger Kinder- und Sch\u00fclerradrennen zgl. ASV\u00d6-Tirol-Kid\u00b4s Cup 2019<\/span><\/a><\/p>\n","protected":false},"author":2,"featured_media":7140,"comment_status":"open","ping_status":"closed","sticky":false,"template":"","format":"standard","meta":{"neve_meta_sidebar":"","neve_meta_container":"","neve_meta_enable_content_width":"","neve_meta_content_width":0,"neve_meta_title_alignment":"","neve_meta_author_avatar":"","neve_post_elements_order":"","neve_meta_disable_header":"","neve_meta_disable_footer":"","neve_meta_disable_title":"","footnotes":""},"categories":[9,10,11],"tags":[],"class_list":["post-7131","post","type-post","status-publish","format-standard","has-post-thumbnail","hentry","category-allgemein","category-hobbysport","category-rennsport"],"featured_image_urls":{"full":"","thumbnail":"","medium":"","medium_large":"","large":"","xl":"","xxl":"","xxxl":"","xxxxl":"","xxxxxl":"","1536x1536":"","2048x2048":"","neve-blog":""},"post_excerpt_stackable":"<p>Am Freitag 17.05. um 17 Uhr fand das Inzinger Kinder- und Sch\u00fclerradrennen diesmal auf ge\u00e4nderter Strecke (der Men\u00fc-Mobil-Rundkurs stand leider wegen einer Baustelle nicht zur Verf\u00fcgung) statt. Start war bei der Murkapelle oberhalb des Schwimmbades und das Ziel f\u00fcr alle Kid\u00b4s in Toblaten \u2013 immerhin 800m mussten bew\u00e4ltigt werden und die Kinder taten dies bravour\u00f6s! Die j\u00fcngsten Kids waren sogar erst 3 Jahre alt und mit dem Laufrad unterwegs! Es waren auch heuer immerhin 30 Kinder uns Sch\u00fcler am Start! Der Veranstalter (\u00d6AMTC RAIKA BKD ASV INZING) hatte wie immer Wettergl\u00fcck \u2013 sogar der Wind blies in die richtige Richtung!&hellip;<\/p>\n","category_list":"<a href=\"https:\/\/rad.asvi.at\/?cat=9\" rel=\"category\">Allgemein<\/a>, <a href=\"https:\/\/rad.asvi.at\/?cat=10\" rel=\"category\">Hobbysport<\/a>, <a href=\"https:\/\/rad.asvi.at\/?cat=11\" rel=\"category\">Rennsport<\/a>","author_info":{"name":"Roman","url":"https:\/\/rad.asvi.at\/?author=2"},"comments_num":"0 comments","_links":{"self":[{"href":"https:\/\/rad.asvi.at\/index.php?rest_route=\/wp\/v2\/posts\/7131","targetHints":{"allow":["GET"]}}],"collection":[{"href":"https:\/\/rad.asvi.at\/index.php?rest_route=\/wp\/v2\/posts"}],"about":[{"href":"https:\/\/rad.asvi.at\/index.php?rest_route=\/wp\/v2\/types\/post"}],"author":[{"embeddable":true,"href":"https:\/\/rad.asvi.at\/index.php?rest_route=\/wp\/v2\/users\/2"}],"replies":[{"embeddable":true,"href":"https:\/\/rad.asvi.at\/index.php?rest_route=%2Fwp%2Fv2%2Fcomments&post=7131"}],"version-history":[{"count":0,"href":"https:\/\/rad.asvi.at\/index.php?rest_route=\/wp\/v2\/posts\/7131\/revisions"}],"wp:featuredmedia":[{"embeddable":true,"href":"https:\/\/rad.asvi.at\/index.php?rest_route=\/"}],"wp:attachment":[{"href":"https:\/\/rad.asvi.at\/index.php?rest_route=%2Fwp%2Fv2%2Fmedia&parent=7131"}],"wp:term":[{"taxonomy":"category","embeddable":true,"href":"https:\/\/rad.asvi.at\/index.php?rest_route=%2Fwp%2Fv2%2Fcategories&post=7131"},{"taxonomy":"post_tag","embeddable":true,"href":"https:\/\/rad.asvi.at\/index.php?rest_route=%2Fwp%2Fv2%2Ftags&post=7131"}],"curies":[{"name":"wp","href":"https:\/\/api.w.org\/{rel}","templated":true}]}}