{"id":7200,"date":"2019-05-26T21:47:47","date_gmt":"2019-05-26T19:47:47","guid":{"rendered":"http:\/\/www.radclub-inzing.at\/?p=7200"},"modified":"2019-05-26T21:47:47","modified_gmt":"2019-05-26T19:47:47","slug":"7200","status":"publish","type":"post","link":"https:\/\/rad.asvi.at\/?p=7200","title":{"rendered":"Ramona Grie\u00dfer siegt auch in Grafenbach!"},"content":{"rendered":"<p style=\"text-align: left;\" align=\"center\"><strong><span style=\"text-decoration: underline;\">Grafenbach<\/span><\/strong><strong><span style=\"text-decoration: underline;\">\/<\/span><\/strong><strong><span style=\"text-decoration: underline;\">25.5-26.5.2019<\/span><\/strong><\/p>\n<p>\u00a0Mit so vielen Rennfahrern (4) war unser Verein schon einige Zeit nicht mehr unterwegs! Am Samstag VM fand ein Prolog, in Form eines Bergzeitfahrens statt. Dabei hatten alle eine 1,5km lange Strecke zu bew\u00e4ltigen. Felix (U15) k\u00e4mpfte sich auf Rang 13. Lukas (U17) schaffte es als 3ter auf das Podium. Am Nachmittag beim Kriterium kam Felix auf Platz 15 und Lukas auf den 10ten Platz. Elias ging bei den Amateuren an den Start und zeigte, dass er sehr gut in Form ist. Er konnte sogar einmal bei einem Wertungsprint Punkten und belegte so den ausgezeichneten 9ten Platz. Bevor Ramona zu den Rennen in Grafenbach anreisen konnte, bekam sie am Samstag VM in Inzing noch die Firmung gespendet \u2013 konnte also noch nicht in das Renngeschehen in Grafenbach eingreifen. Daf\u00fcr holte sie am Sonntag beim Rundstreckenrennen f\u00fcr Inzing die \u201eKastanien aus dem Feuer\u201c und siegte im Zielsprint souver\u00e4n. Lukas kam mit einer 10-k\u00f6pfigen Spitzengruppe ins Ziel und landete auf Rang 6. Felix hatte mit 42,3km (8 Runden) sein bisher l\u00e4ngstes Rennen zu fahren, er k\u00e4mpfte hart und belgete schlie\u00dflich den tollen 12. Platz. Bei den Amateuren ging es am Sonntag um die \u00d6M-Medaillen. Elias konnte bis 3 Runden vor Schluss gut im Feld mithalten und kam dann auf Rang 33.<\/p>\n<p>&nbsp;<\/p>\n","protected":false},"excerpt":{"rendered":"<p>Grafenbach\/25.5-26.5.2019 \u00a0Mit so vielen Rennfahrern (4) war unser Verein schon einige Zeit nicht mehr unterwegs! Am Samstag VM fand ein Prolog, in Form eines Bergzeitfahrens statt. Dabei hatten alle eine 1,5km lange Strecke zu bew\u00e4ltigen. Felix (U15) k\u00e4mpfte sich auf Rang 13. Lukas (U17) schaffte es als 3ter auf das Podium. Am Nachmittag beim Kriterium&hellip;&nbsp;<a href=\"https:\/\/rad.asvi.at\/?p=7200\" class=\"\" rel=\"bookmark\">Weiterlesen &raquo;<span class=\"screen-reader-text\">Ramona Grie\u00dfer siegt auch in Grafenbach!<\/span><\/a><\/p>\n","protected":false},"author":2,"featured_media":7208,"comment_status":"open","ping_status":"closed","sticky":false,"template":"","format":"standard","meta":{"neve_meta_sidebar":"","neve_meta_container":"","neve_meta_enable_content_width":"","neve_meta_content_width":0,"neve_meta_title_alignment":"","neve_meta_author_avatar":"","neve_post_elements_order":"","neve_meta_disable_header":"","neve_meta_disable_footer":"","neve_meta_disable_title":"","footnotes":""},"categories":[9,11],"tags":[],"class_list":["post-7200","post","type-post","status-publish","format-standard","has-post-thumbnail","hentry","category-allgemein","category-rennsport"],"featured_image_urls":{"full":"","thumbnail":"","medium":"","medium_large":"","large":"","xl":"","xxl":"","xxxl":"","xxxxl":"","xxxxxl":"","1536x1536":"","2048x2048":"","neve-blog":""},"post_excerpt_stackable":"<p>Grafenbach\/25.5-26.5.2019 \u00a0Mit so vielen Rennfahrern (4) war unser Verein schon einige Zeit nicht mehr unterwegs! Am Samstag VM fand ein Prolog, in Form eines Bergzeitfahrens statt. Dabei hatten alle eine 1,5km lange Strecke zu bew\u00e4ltigen. Felix (U15) k\u00e4mpfte sich auf Rang 13. Lukas (U17) schaffte es als 3ter auf das Podium. Am Nachmittag beim Kriterium kam Felix auf Platz 15 und Lukas auf den 10ten Platz. Elias ging bei den Amateuren an den Start und zeigte, dass er sehr gut in Form ist. Er konnte sogar einmal bei einem Wertungsprint Punkten und belegte so den ausgezeichneten 9ten Platz. Bevor Ramona&hellip;<\/p>\n","category_list":"<a href=\"https:\/\/rad.asvi.at\/?cat=9\" rel=\"category\">Allgemein<\/a>, <a href=\"https:\/\/rad.asvi.at\/?cat=11\" rel=\"category\">Rennsport<\/a>","author_info":{"name":"Roman","url":"https:\/\/rad.asvi.at\/?author=2"},"comments_num":"0 comments","_links":{"self":[{"href":"https:\/\/rad.asvi.at\/index.php?rest_route=\/wp\/v2\/posts\/7200","targetHints":{"allow":["GET"]}}],"collection":[{"href":"https:\/\/rad.asvi.at\/index.php?rest_route=\/wp\/v2\/posts"}],"about":[{"href":"https:\/\/rad.asvi.at\/index.php?rest_route=\/wp\/v2\/types\/post"}],"author":[{"embeddable":true,"href":"https:\/\/rad.asvi.at\/index.php?rest_route=\/wp\/v2\/users\/2"}],"replies":[{"embeddable":true,"href":"https:\/\/rad.asvi.at\/index.php?rest_route=%2Fwp%2Fv2%2Fcomments&post=7200"}],"version-history":[{"count":0,"href":"https:\/\/rad.asvi.at\/index.php?rest_route=\/wp\/v2\/posts\/7200\/revisions"}],"wp:featuredmedia":[{"embeddable":true,"href":"https:\/\/rad.asvi.at\/index.php?rest_route=\/"}],"wp:attachment":[{"href":"https:\/\/rad.asvi.at\/index.php?rest_route=%2Fwp%2Fv2%2Fmedia&parent=7200"}],"wp:term":[{"taxonomy":"category","embeddable":true,"href":"https:\/\/rad.asvi.at\/index.php?rest_route=%2Fwp%2Fv2%2Fcategories&post=7200"},{"taxonomy":"post_tag","embeddable":true,"href":"https:\/\/rad.asvi.at\/index.php?rest_route=%2Fwp%2Fv2%2Ftags&post=7200"}],"curies":[{"name":"wp","href":"https:\/\/api.w.org\/{rel}","templated":true}]}}