{"id":7214,"date":"2019-06-16T23:04:43","date_gmt":"2019-06-16T21:04:43","guid":{"rendered":"http:\/\/www.radclub-inzing.at\/?p=7214"},"modified":"2019-06-16T23:04:43","modified_gmt":"2019-06-16T21:04:43","slug":"osterreichische-meisterschaft-strase-juniorenraika-gp-inzing-toblaten","status":"publish","type":"post","link":"https:\/\/rad.asvi.at\/?p=7214","title":{"rendered":"\u00d6sterreichische Meisterschaft Stra\u00dfe Junioren\/Raika GP Inzing-Toblaten"},"content":{"rendered":"<p>Am So 16.06. fand in Inzing die \u00d6M der Junioren auf der Stra\u00dfe statt. \u00a0Das Rennen wurde nun bereits das 4. Mal ausgetragen und genoss bei den U17, Jun und Frauen \u00d6-Cup-Status. Es z\u00e4hlte au\u00dferdem zur Tiroler Meisterschaft und zum TT-Tiwag-Cup. Es gilt als \u00e4u\u00dferst selektiv,\u00a0 so hatten die Junioren z.B. 50 Runden zu je 1,5 km zu bew\u00e4ltigen und bei knapp 40Hm je Runde,\u00a0 insgesamt fast 2000 Hm!<\/p>\n<p>Inzings Youngstars stellten mit <em><strong>Ramona Grie\u00dfer<\/strong><\/em> die Siegerin bei den <strong>Md-U14. Sie ist damit auch TM auf der Stra\u00dfe! Auch <\/strong><strong><em>Felix R\u00fctzler<\/em><\/strong><strong> fuhr ein b\u00e4renstarkes Rennen und wurde bei den Burschen U15 ausgezeichneter 2., was zu TM-Gold reichte! Einziger Wehrmutstropfen: in beiden Kategorien waren nur sehr wenige Fahrer am Start!<\/strong><\/p>\n<p>So richtig zur Sache ging es dann in der Kategorie U17, bei der auch die Frauen und Juniorinnen starteten \u2013 allerdings von Beginn an das Tempo der starken Burschen nicht mitgehen konnten. In dieser Kategorie bildeten sich also sehr schnell mehrere Gruppen. Vom Veranstalterteam <strong>\u00d6AMTC RAIKA <\/strong><strong>BKD <\/strong><strong>ASV INZING<\/strong> war mit <em><strong>Lukas Grie\u00dfer<\/strong><\/em> einer der Mitfaforiten ebenfalls vorne vertreten. Bereits in der 12 Runde attackierte dann der momentan st\u00e4rkste U17-Fahrer in \u00d6sterreich Alexander Hajek (N\u00d6). Da keiner der anderen Fahrer folgen konnte, bildete sich dahinter eine zun\u00e4chst 6-k\u00f6pfige Verfolgergruppe mit Lukas mit von der Partie. Alexander Hajek war aber sogar alleine st\u00e4rker als die Verfolger und baute seinen Vorsprung sukzessive aus. Er gewann schlie\u00dflich mit fast 1 Runde Vorsprung solo! Die Verfolgergruppe brach gegen Ende des Rennens ebenfalls auseinander und Lukas k\u00e4mpfte sich immerhin auf den 4. Platz! Er holte damit ebenfalls TM-Gold.<\/p>\n<p>Um 13 Uhr startete dann mit den Junioren der eigentliche H\u00f6hepunkt des Tages, die \u00d6M-Stra\u00dfe. \u00a0Auch hier kam es sehr fr\u00fch im Rennen zu einer Vorentscheidung um die Medaillenr\u00e4nge. Nikolaus Riegler (O\u00d6) und Maximilian Schmidbauer (STM) fuhren nach einem Antritt Runde um Runde mehr Vorsprung heraus, sodass bereits nach H\u00e4lfte der Renndauer beinahe eine \u00dcberrundung des Feldes erreicht war. Das gesamte Feld taktierte viel zu lange! Die Rennleitung war dann fast gezwungen das immer noch geschlossene Feld bei der \u00dcberrundung anzuhalten. Einige Runden vor Schluss kam dann bei der Steigung kurz vor dem Ziel die Attacke von Schmidbauer \u2013 beim hinunter schalten im Flachen hatte dieser dann aber Pech, weil ihm die Kette herunterviel und er auf das Ersatzrad musste. Das kostete ihm viel Zeit und die Chance auf einen m\u00f6glichen Sieg. Das Rennen war damit entschieden. Gold f\u00fcr Nikolas Riegler , Silber f\u00fcr Maximilian Schmidbauer und Bronze (mit fast 2 Runden R\u00fcckstand) f\u00fcr Luca Werani (O\u00d6).<\/p>\n<p>&nbsp;<\/p>\n<p>Ein herzliches Dankesch\u00f6n gilt allen Sponsoren und ganz besonders allen freiwilligen Helfern die zum Gelingen dieses Radsport-Events beigetragen haben!<\/p>\n<p>Ergebnisliste:<\/p>\n","protected":false},"excerpt":{"rendered":"<p>Am So 16.06. fand in Inzing die \u00d6M der Junioren auf der Stra\u00dfe statt. \u00a0Das Rennen wurde nun bereits das 4. Mal ausgetragen und genoss bei den U17, Jun und Frauen \u00d6-Cup-Status. Es z\u00e4hlte au\u00dferdem zur Tiroler Meisterschaft und zum TT-Tiwag-Cup. Es gilt als \u00e4u\u00dferst selektiv,\u00a0 so hatten die Junioren z.B. 50 Runden zu je&hellip;&nbsp;<a href=\"https:\/\/rad.asvi.at\/?p=7214\" class=\"\" rel=\"bookmark\">Weiterlesen &raquo;<span class=\"screen-reader-text\">\u00d6sterreichische Meisterschaft Stra\u00dfe Junioren\/Raika GP Inzing-Toblaten<\/span><\/a><\/p>\n","protected":false},"author":2,"featured_media":7221,"comment_status":"open","ping_status":"closed","sticky":false,"template":"","format":"standard","meta":{"neve_meta_sidebar":"","neve_meta_container":"","neve_meta_enable_content_width":"","neve_meta_content_width":0,"neve_meta_title_alignment":"","neve_meta_author_avatar":"","neve_post_elements_order":"","neve_meta_disable_header":"","neve_meta_disable_footer":"","neve_meta_disable_title":"","footnotes":""},"categories":[9,11],"tags":[],"class_list":["post-7214","post","type-post","status-publish","format-standard","has-post-thumbnail","hentry","category-allgemein","category-rennsport"],"featured_image_urls":{"full":"","thumbnail":"","medium":"","medium_large":"","large":"","xl":"","xxl":"","xxxl":"","xxxxl":"","xxxxxl":"","1536x1536":"","2048x2048":"","neve-blog":""},"post_excerpt_stackable":"<p>Am So 16.06. fand in Inzing die \u00d6M der Junioren auf der Stra\u00dfe statt. \u00a0Das Rennen wurde nun bereits das 4. Mal ausgetragen und genoss bei den U17, Jun und Frauen \u00d6-Cup-Status. Es z\u00e4hlte au\u00dferdem zur Tiroler Meisterschaft und zum TT-Tiwag-Cup. Es gilt als \u00e4u\u00dferst selektiv,\u00a0 so hatten die Junioren z.B. 50 Runden zu je 1,5 km zu bew\u00e4ltigen und bei knapp 40Hm je Runde,\u00a0 insgesamt fast 2000 Hm! Inzings Youngstars stellten mit Ramona Grie\u00dfer die Siegerin bei den Md-U14. Sie ist damit auch TM auf der Stra\u00dfe! Auch Felix R\u00fctzler fuhr ein b\u00e4renstarkes Rennen und wurde bei den Burschen&hellip;<\/p>\n","category_list":"<a href=\"https:\/\/rad.asvi.at\/?cat=9\" rel=\"category\">Allgemein<\/a>, <a href=\"https:\/\/rad.asvi.at\/?cat=11\" rel=\"category\">Rennsport<\/a>","author_info":{"name":"Roman","url":"https:\/\/rad.asvi.at\/?author=2"},"comments_num":"0 comments","_links":{"self":[{"href":"https:\/\/rad.asvi.at\/index.php?rest_route=\/wp\/v2\/posts\/7214","targetHints":{"allow":["GET"]}}],"collection":[{"href":"https:\/\/rad.asvi.at\/index.php?rest_route=\/wp\/v2\/posts"}],"about":[{"href":"https:\/\/rad.asvi.at\/index.php?rest_route=\/wp\/v2\/types\/post"}],"author":[{"embeddable":true,"href":"https:\/\/rad.asvi.at\/index.php?rest_route=\/wp\/v2\/users\/2"}],"replies":[{"embeddable":true,"href":"https:\/\/rad.asvi.at\/index.php?rest_route=%2Fwp%2Fv2%2Fcomments&post=7214"}],"version-history":[{"count":0,"href":"https:\/\/rad.asvi.at\/index.php?rest_route=\/wp\/v2\/posts\/7214\/revisions"}],"wp:featuredmedia":[{"embeddable":true,"href":"https:\/\/rad.asvi.at\/index.php?rest_route=\/"}],"wp:attachment":[{"href":"https:\/\/rad.asvi.at\/index.php?rest_route=%2Fwp%2Fv2%2Fmedia&parent=7214"}],"wp:term":[{"taxonomy":"category","embeddable":true,"href":"https:\/\/rad.asvi.at\/index.php?rest_route=%2Fwp%2Fv2%2Fcategories&post=7214"},{"taxonomy":"post_tag","embeddable":true,"href":"https:\/\/rad.asvi.at\/index.php?rest_route=%2Fwp%2Fv2%2Ftags&post=7214"}],"curies":[{"name":"wp","href":"https:\/\/api.w.org\/{rel}","templated":true}]}}