{"id":7257,"date":"2019-06-25T22:34:18","date_gmt":"2019-06-25T20:34:18","guid":{"rendered":"http:\/\/www.radclub-inzing.at\/?p=7257"},"modified":"2019-06-25T22:34:18","modified_gmt":"2019-06-25T20:34:18","slug":"griesers-wieder-auf-dem-podest","status":"publish","type":"post","link":"https:\/\/rad.asvi.at\/?p=7257","title":{"rendered":"Grie\u00dfer\u00b4s wieder auf dem Podest!"},"content":{"rendered":"<p>Am Sonntag 23.06. fand in G\u00f6ssendorf in der Steiermark das n\u00e4chste \u00d6-Cuprennen statt.<\/p>\n<p>Die M\u00e4dchen<strong> U<\/strong><strong> <\/strong><strong>14<\/strong> hatten 4 Runden zu fahren. Es regnete w\u00e4hrend des ganzen Rennens. Trotzdem gab es einige Attacken bis sich Valentin Zobl absetzen konnte. Auch in der Verfolgergruppe gab es einige Angriffe vom Junior Cycling Team Graz. Im Zielsprint blieb <strong><em>Ramona Grie\u00dfer<\/em><\/strong> (\u00d6AMTC RAIKA BKD ASV INZING) cool und <strong>siegte<\/strong> wieder einmal vor Sophie Walcher (Graz).<\/p>\n<p>Die Kategorie <strong>U <\/strong><strong>17<\/strong> hatte genau 17 Runden zu absolvieren. Bei anfangs regennasser Fahrbahn wurde v.a. von den Purgstaller Rennfahrern immer wieder attackiert \u2013 allerdings ohne Erfolg. Das Hauptfeld neutralisierte bis eine Runde vor Schluss jeden Angriff. In der letzten Runde gelang es <strong><em>Lukas Grie\u00dfer <\/em><\/strong>(\u00d6AMTC RAIKA BKD ASV INZING) zun\u00e4chst am Hinterrad von Leo Kerschbaumer und auf den letzten 1000m von Alexander Hajek im Sprint den ausgezeichneten 2. Platz zu belegen.<\/p>\n<p>Bei den <strong>U 15<\/strong> Burschen war von unserem Verein auch <strong><em>Felix R\u00fctzler<\/em><\/strong> aus Kematen am Start. Da das Rennen eine halbe Stunde sp\u00e4ter begann, fing es wieder starker zu regnen an. Bis zur dritten Runde blieb das Feld geschlossen. Durch die Attacke eines Friesies-Bikery-Fahrer wurde in der Folge das Feld zerrissen. Felix fuhr bis zur siebten Runde in der ersten Verfolgergruppe, danach musste er leider reissen lassen. Er kam immerhin noch auf den 19. Platz.<\/p>\n<p>&nbsp;<\/p>\n","protected":false},"excerpt":{"rendered":"<p>Am Sonntag 23.06. fand in G\u00f6ssendorf in der Steiermark das n\u00e4chste \u00d6-Cuprennen statt. Die M\u00e4dchen U 14 hatten 4 Runden zu fahren. Es regnete w\u00e4hrend des ganzen Rennens. Trotzdem gab es einige Attacken bis sich Valentin Zobl absetzen konnte. Auch in der Verfolgergruppe gab es einige Angriffe vom Junior Cycling Team Graz. Im Zielsprint blieb&hellip;&nbsp;<a href=\"https:\/\/rad.asvi.at\/?p=7257\" class=\"\" rel=\"bookmark\">Weiterlesen &raquo;<span class=\"screen-reader-text\">Grie\u00dfer\u00b4s wieder auf dem Podest!<\/span><\/a><\/p>\n","protected":false},"author":2,"featured_media":7269,"comment_status":"open","ping_status":"closed","sticky":false,"template":"","format":"standard","meta":{"neve_meta_sidebar":"","neve_meta_container":"","neve_meta_enable_content_width":"","neve_meta_content_width":0,"neve_meta_title_alignment":"","neve_meta_author_avatar":"","neve_post_elements_order":"","neve_meta_disable_header":"","neve_meta_disable_footer":"","neve_meta_disable_title":"","footnotes":""},"categories":[9,11],"tags":[],"class_list":["post-7257","post","type-post","status-publish","format-standard","has-post-thumbnail","hentry","category-allgemein","category-rennsport"],"featured_image_urls":{"full":"","thumbnail":"","medium":"","medium_large":"","large":"","xl":"","xxl":"","xxxl":"","xxxxl":"","xxxxxl":"","1536x1536":"","2048x2048":"","neve-blog":""},"post_excerpt_stackable":"<p>Am Sonntag 23.06. fand in G\u00f6ssendorf in der Steiermark das n\u00e4chste \u00d6-Cuprennen statt. Die M\u00e4dchen U 14 hatten 4 Runden zu fahren. Es regnete w\u00e4hrend des ganzen Rennens. Trotzdem gab es einige Attacken bis sich Valentin Zobl absetzen konnte. Auch in der Verfolgergruppe gab es einige Angriffe vom Junior Cycling Team Graz. Im Zielsprint blieb Ramona Grie\u00dfer (\u00d6AMTC RAIKA BKD ASV INZING) cool und siegte wieder einmal vor Sophie Walcher (Graz). Die Kategorie U 17 hatte genau 17 Runden zu absolvieren. Bei anfangs regennasser Fahrbahn wurde v.a. von den Purgstaller Rennfahrern immer wieder attackiert \u2013 allerdings ohne Erfolg. Das Hauptfeld&hellip;<\/p>\n","category_list":"<a href=\"https:\/\/rad.asvi.at\/?cat=9\" rel=\"category\">Allgemein<\/a>, <a href=\"https:\/\/rad.asvi.at\/?cat=11\" rel=\"category\">Rennsport<\/a>","author_info":{"name":"Roman","url":"https:\/\/rad.asvi.at\/?author=2"},"comments_num":"0 comments","_links":{"self":[{"href":"https:\/\/rad.asvi.at\/index.php?rest_route=\/wp\/v2\/posts\/7257","targetHints":{"allow":["GET"]}}],"collection":[{"href":"https:\/\/rad.asvi.at\/index.php?rest_route=\/wp\/v2\/posts"}],"about":[{"href":"https:\/\/rad.asvi.at\/index.php?rest_route=\/wp\/v2\/types\/post"}],"author":[{"embeddable":true,"href":"https:\/\/rad.asvi.at\/index.php?rest_route=\/wp\/v2\/users\/2"}],"replies":[{"embeddable":true,"href":"https:\/\/rad.asvi.at\/index.php?rest_route=%2Fwp%2Fv2%2Fcomments&post=7257"}],"version-history":[{"count":0,"href":"https:\/\/rad.asvi.at\/index.php?rest_route=\/wp\/v2\/posts\/7257\/revisions"}],"wp:featuredmedia":[{"embeddable":true,"href":"https:\/\/rad.asvi.at\/index.php?rest_route=\/"}],"wp:attachment":[{"href":"https:\/\/rad.asvi.at\/index.php?rest_route=%2Fwp%2Fv2%2Fmedia&parent=7257"}],"wp:term":[{"taxonomy":"category","embeddable":true,"href":"https:\/\/rad.asvi.at\/index.php?rest_route=%2Fwp%2Fv2%2Fcategories&post=7257"},{"taxonomy":"post_tag","embeddable":true,"href":"https:\/\/rad.asvi.at\/index.php?rest_route=%2Fwp%2Fv2%2Ftags&post=7257"}],"curies":[{"name":"wp","href":"https:\/\/api.w.org\/{rel}","templated":true}]}}