{"id":7273,"date":"2019-07-07T14:32:17","date_gmt":"2019-07-07T12:32:17","guid":{"rendered":"http:\/\/www.radclub-inzing.at\/?p=7273"},"modified":"2019-07-07T14:32:17","modified_gmt":"2019-07-07T12:32:17","slug":"gold-fur-lukas-grieser-bei-der-tm-berg","status":"publish","type":"post","link":"https:\/\/rad.asvi.at\/?p=7273","title":{"rendered":"Gold f\u00fcr Lukas Grie\u00dfer bei der TM Berg"},"content":{"rendered":"<p><strong><span style=\"text-decoration: underline;\">28.6.19 <\/span><\/strong><strong><span style=\"text-decoration: underline;\">TM Berg\/<\/span><\/strong><strong><span style=\"text-decoration: underline;\">Wiesing<\/span><\/strong><\/p>\n<p>Letzten Freitag ging es f\u00fcr Lukas Grie\u00dfer (U17) um Tiroler Meisterschaftsmedeillen. Von Wiesing aus ging es, bei schon fast tropischer Hitze, \u00fcber Jenbach, Kasbach, Eben, Pertisau in die Gramai. Ca. 900Hm waren zu bew\u00e4ltigen. Da die Kategorien U17, Junioren, Amateure und Frauen zugleich starteten, ging es vom Start weg schon richtig zur Sache. Lukas wurde bis nach Jennbach von Elias Farbmacher (Amateure) unterst\u00fctzt und konnte sich dann am steilen Anstieg zum Achensee mit Marco Schrettl (Union Raiffeisen Radteam Tirol) hinter 2 Amateuren vom Rest des Feldes absetzen. Ca. 3km vor dem Ziel, gelang es Lukas mit einer harten Attacke sich von Schrettl zu l\u00f6sen und mit fast einer Minute Vorsprung solo zu TM Gold zu fahren. Elias kam bei den Amateuren auf Platz 9.<\/p>\n<p>&nbsp;<\/p>\n","protected":false},"excerpt":{"rendered":"<p>28.6.19 TM Berg\/Wiesing Letzten Freitag ging es f\u00fcr Lukas Grie\u00dfer (U17) um Tiroler Meisterschaftsmedeillen. Von Wiesing aus ging es, bei schon fast tropischer Hitze, \u00fcber Jenbach, Kasbach, Eben, Pertisau in die Gramai. Ca. 900Hm waren zu bew\u00e4ltigen. Da die Kategorien U17, Junioren, Amateure und Frauen zugleich starteten, ging es vom Start weg schon richtig zur&hellip;&nbsp;<a href=\"https:\/\/rad.asvi.at\/?p=7273\" class=\"\" rel=\"bookmark\">Weiterlesen &raquo;<span class=\"screen-reader-text\">Gold f\u00fcr Lukas Grie\u00dfer bei der TM Berg<\/span><\/a><\/p>\n","protected":false},"author":2,"featured_media":7275,"comment_status":"open","ping_status":"closed","sticky":false,"template":"","format":"standard","meta":{"neve_meta_sidebar":"","neve_meta_container":"","neve_meta_enable_content_width":"","neve_meta_content_width":0,"neve_meta_title_alignment":"","neve_meta_author_avatar":"","neve_post_elements_order":"","neve_meta_disable_header":"","neve_meta_disable_footer":"","neve_meta_disable_title":"","footnotes":""},"categories":[9,11],"tags":[],"class_list":["post-7273","post","type-post","status-publish","format-standard","has-post-thumbnail","hentry","category-allgemein","category-rennsport"],"featured_image_urls":{"full":"","thumbnail":"","medium":"","medium_large":"","large":"","xl":"","xxl":"","xxxl":"","xxxxl":"","xxxxxl":"","1536x1536":"","2048x2048":"","neve-blog":""},"post_excerpt_stackable":"<p>28.6.19 TM Berg\/Wiesing Letzten Freitag ging es f\u00fcr Lukas Grie\u00dfer (U17) um Tiroler Meisterschaftsmedeillen. Von Wiesing aus ging es, bei schon fast tropischer Hitze, \u00fcber Jenbach, Kasbach, Eben, Pertisau in die Gramai. Ca. 900Hm waren zu bew\u00e4ltigen. Da die Kategorien U17, Junioren, Amateure und Frauen zugleich starteten, ging es vom Start weg schon richtig zur Sache. Lukas wurde bis nach Jennbach von Elias Farbmacher (Amateure) unterst\u00fctzt und konnte sich dann am steilen Anstieg zum Achensee mit Marco Schrettl (Union Raiffeisen Radteam Tirol) hinter 2 Amateuren vom Rest des Feldes absetzen. Ca. 3km vor dem Ziel, gelang es Lukas mit einer&hellip;<\/p>\n","category_list":"<a href=\"https:\/\/rad.asvi.at\/?cat=9\" rel=\"category\">Allgemein<\/a>, <a href=\"https:\/\/rad.asvi.at\/?cat=11\" rel=\"category\">Rennsport<\/a>","author_info":{"name":"Roman","url":"https:\/\/rad.asvi.at\/?author=2"},"comments_num":"0 comments","_links":{"self":[{"href":"https:\/\/rad.asvi.at\/index.php?rest_route=\/wp\/v2\/posts\/7273","targetHints":{"allow":["GET"]}}],"collection":[{"href":"https:\/\/rad.asvi.at\/index.php?rest_route=\/wp\/v2\/posts"}],"about":[{"href":"https:\/\/rad.asvi.at\/index.php?rest_route=\/wp\/v2\/types\/post"}],"author":[{"embeddable":true,"href":"https:\/\/rad.asvi.at\/index.php?rest_route=\/wp\/v2\/users\/2"}],"replies":[{"embeddable":true,"href":"https:\/\/rad.asvi.at\/index.php?rest_route=%2Fwp%2Fv2%2Fcomments&post=7273"}],"version-history":[{"count":0,"href":"https:\/\/rad.asvi.at\/index.php?rest_route=\/wp\/v2\/posts\/7273\/revisions"}],"wp:featuredmedia":[{"embeddable":true,"href":"https:\/\/rad.asvi.at\/index.php?rest_route=\/"}],"wp:attachment":[{"href":"https:\/\/rad.asvi.at\/index.php?rest_route=%2Fwp%2Fv2%2Fmedia&parent=7273"}],"wp:term":[{"taxonomy":"category","embeddable":true,"href":"https:\/\/rad.asvi.at\/index.php?rest_route=%2Fwp%2Fv2%2Fcategories&post=7273"},{"taxonomy":"post_tag","embeddable":true,"href":"https:\/\/rad.asvi.at\/index.php?rest_route=%2Fwp%2Fv2%2Ftags&post=7273"}],"curies":[{"name":"wp","href":"https:\/\/api.w.org\/{rel}","templated":true}]}}