{"id":7307,"date":"2019-08-05T16:31:50","date_gmt":"2019-08-05T14:31:50","guid":{"rendered":"http:\/\/www.radclub-inzing.at\/?p=7307"},"modified":"2019-08-05T16:31:50","modified_gmt":"2019-08-05T14:31:50","slug":"gold-und-bronze-beider-om-im-ezf","status":"publish","type":"post","link":"https:\/\/rad.asvi.at\/?p=7307","title":{"rendered":"GOLD und BRONZE bei der \u00d6M im EZF!"},"content":{"rendered":"<p><strong><span style=\"text-decoration: underline;\">\u00d6M-Ezf-Althofen\/K \u2013 04.08.2019<\/span><\/strong><\/p>\n<p>An diesem Wochenende fand in K\u00e4rnten die diesj\u00e4hrige \u00d6M im Einzelzeitfahren statt. Bei traumhaftem Radlerwetter war der \u201eKampf gegen die Uhr\u201c auch leichter zu ertragen. Die f\u00fcr den \u00d6AMTC RAIKA BKD ASV INZING startenden Geschwister <em><strong>Ramona<\/strong> <\/em>(Md U14) und <em><strong>Lukas Grie\u00dfer<\/strong><\/em> (U17) zeigten einmal mehr, dass sie auch in der Disziplin Einzelzeitfahren zu den absoluten Favoriten zu z\u00e4hlen sind. Beide hatten noch in der vergangenen Woche ein Spezialtraining f\u00fcr das Ezf absolviert und gingen hochmotiviert an den Start. Bei den Burschen U17 ging es innerhalb der Medaillenr\u00e4nge ziemlich eng her \u2013 Lukas Grie\u00dfer erk\u00e4mpfte mit nur 6 sec. R\u00fcckstand auf den Sieger Alexander Hajek (N\u00d6) die <strong>Bronzemedaille<\/strong>. Seine kleine Schwester Ramona \u2013 bei ihr war es \u00fcberhaupt die erste \u00d6M im Ezf- <strong>siegte<\/strong> mit \u00fcber 30 sec. Vorsprung vor der Zweitplatzierten Sophie Walcher (Stm)! BRAVO!<\/p>\n","protected":false},"excerpt":{"rendered":"<p>\u00d6M-Ezf-Althofen\/K \u2013 04.08.2019 An diesem Wochenende fand in K\u00e4rnten die diesj\u00e4hrige \u00d6M im Einzelzeitfahren statt. Bei traumhaftem Radlerwetter war der \u201eKampf gegen die Uhr\u201c auch leichter zu ertragen. Die f\u00fcr den \u00d6AMTC RAIKA BKD ASV INZING startenden Geschwister Ramona (Md U14) und Lukas Grie\u00dfer (U17) zeigten einmal mehr, dass sie auch in der Disziplin Einzelzeitfahren&hellip;&nbsp;<a href=\"https:\/\/rad.asvi.at\/?p=7307\" class=\"\" rel=\"bookmark\">Weiterlesen &raquo;<span class=\"screen-reader-text\">GOLD und BRONZE bei der \u00d6M im EZF!<\/span><\/a><\/p>\n","protected":false},"author":2,"featured_media":7301,"comment_status":"open","ping_status":"closed","sticky":false,"template":"","format":"standard","meta":{"neve_meta_sidebar":"","neve_meta_container":"","neve_meta_enable_content_width":"","neve_meta_content_width":0,"neve_meta_title_alignment":"","neve_meta_author_avatar":"","neve_post_elements_order":"","neve_meta_disable_header":"","neve_meta_disable_footer":"","neve_meta_disable_title":"","footnotes":""},"categories":[9,11],"tags":[],"class_list":["post-7307","post","type-post","status-publish","format-standard","has-post-thumbnail","hentry","category-allgemein","category-rennsport"],"featured_image_urls":{"full":"","thumbnail":"","medium":"","medium_large":"","large":"","xl":"","xxl":"","xxxl":"","xxxxl":"","xxxxxl":"","1536x1536":"","2048x2048":"","neve-blog":""},"post_excerpt_stackable":"<p>\u00d6M-Ezf-Althofen\/K \u2013 04.08.2019 An diesem Wochenende fand in K\u00e4rnten die diesj\u00e4hrige \u00d6M im Einzelzeitfahren statt. Bei traumhaftem Radlerwetter war der \u201eKampf gegen die Uhr\u201c auch leichter zu ertragen. Die f\u00fcr den \u00d6AMTC RAIKA BKD ASV INZING startenden Geschwister Ramona (Md U14) und Lukas Grie\u00dfer (U17) zeigten einmal mehr, dass sie auch in der Disziplin Einzelzeitfahren zu den absoluten Favoriten zu z\u00e4hlen sind. Beide hatten noch in der vergangenen Woche ein Spezialtraining f\u00fcr das Ezf absolviert und gingen hochmotiviert an den Start. Bei den Burschen U17 ging es innerhalb der Medaillenr\u00e4nge ziemlich eng her \u2013 Lukas Grie\u00dfer erk\u00e4mpfte mit nur 6&hellip;<\/p>\n","category_list":"<a href=\"https:\/\/rad.asvi.at\/?cat=9\" rel=\"category\">Allgemein<\/a>, <a href=\"https:\/\/rad.asvi.at\/?cat=11\" rel=\"category\">Rennsport<\/a>","author_info":{"name":"Roman","url":"https:\/\/rad.asvi.at\/?author=2"},"comments_num":"0 comments","_links":{"self":[{"href":"https:\/\/rad.asvi.at\/index.php?rest_route=\/wp\/v2\/posts\/7307","targetHints":{"allow":["GET"]}}],"collection":[{"href":"https:\/\/rad.asvi.at\/index.php?rest_route=\/wp\/v2\/posts"}],"about":[{"href":"https:\/\/rad.asvi.at\/index.php?rest_route=\/wp\/v2\/types\/post"}],"author":[{"embeddable":true,"href":"https:\/\/rad.asvi.at\/index.php?rest_route=\/wp\/v2\/users\/2"}],"replies":[{"embeddable":true,"href":"https:\/\/rad.asvi.at\/index.php?rest_route=%2Fwp%2Fv2%2Fcomments&post=7307"}],"version-history":[{"count":0,"href":"https:\/\/rad.asvi.at\/index.php?rest_route=\/wp\/v2\/posts\/7307\/revisions"}],"wp:featuredmedia":[{"embeddable":true,"href":"https:\/\/rad.asvi.at\/index.php?rest_route=\/"}],"wp:attachment":[{"href":"https:\/\/rad.asvi.at\/index.php?rest_route=%2Fwp%2Fv2%2Fmedia&parent=7307"}],"wp:term":[{"taxonomy":"category","embeddable":true,"href":"https:\/\/rad.asvi.at\/index.php?rest_route=%2Fwp%2Fv2%2Fcategories&post=7307"},{"taxonomy":"post_tag","embeddable":true,"href":"https:\/\/rad.asvi.at\/index.php?rest_route=%2Fwp%2Fv2%2Ftags&post=7307"}],"curies":[{"name":"wp","href":"https:\/\/api.w.org\/{rel}","templated":true}]}}