{"id":7324,"date":"2019-08-22T21:32:08","date_gmt":"2019-08-22T19:32:08","guid":{"rendered":"http:\/\/www.radclub-inzing.at\/?p=7324"},"modified":"2019-08-22T21:32:08","modified_gmt":"2019-08-22T19:32:08","slug":"lukas-grieser-bei-der-jugendtour-in-der-oststeiermark-stark","status":"publish","type":"post","link":"https:\/\/rad.asvi.at\/?p=7324","title":{"rendered":"Lukas Grie\u00dfer bei der Jugendtour in der Oststeiermark stark!"},"content":{"rendered":"<p>Alle Jahre wieder ruft eine der schwierigsten Jugendrundfahrten Europas in die Oststeiermark und fast alle Nationen kommen. Dieses Jahr auch wieder mit von der Partie &#8211; <em><strong>Lukas Grie\u00dfer<\/strong><\/em> vom <strong>\u00d6AMTC RAIKA BKD ASV INZING.<\/strong> Gestern beim Prolog \u00fcber 1,7 km noch an 40. Stelle, zeigte er heute bei der ersten Etappe, als einer der aktivsten Fahrer, dass wenn es schwierig (d.h. gebirgig) wird, mit ihm zu rechnen ist. Als Lohn f\u00fcr seine aktive Fahrweise bekam er heute das Trikot des aktivsten \u00d6sterreichers \u00fcbergestreift, das vor einigen Jahren bereits einmal von einem Inzinger Fahrer getragen wurde (Alexander Wachter). Lukas ist nun zweitbester \u00d6sterreicher als gesamt 32. Momentan \u00fcberragend: Alexander Haijek, der beide Etappen gewinnen konnte und auch in der Gesamtwertung f\u00fchrt!<\/p>\n","protected":false},"excerpt":{"rendered":"<p>Alle Jahre wieder ruft eine der schwierigsten Jugendrundfahrten Europas in die Oststeiermark und fast alle Nationen kommen. Dieses Jahr auch wieder mit von der Partie &#8211; Lukas Grie\u00dfer vom \u00d6AMTC RAIKA BKD ASV INZING. Gestern beim Prolog \u00fcber 1,7 km noch an 40. Stelle, zeigte er heute bei der ersten Etappe, als einer der aktivsten&hellip;&nbsp;<a href=\"https:\/\/rad.asvi.at\/?p=7324\" class=\"\" rel=\"bookmark\">Weiterlesen &raquo;<span class=\"screen-reader-text\">Lukas Grie\u00dfer bei der Jugendtour in der Oststeiermark stark!<\/span><\/a><\/p>\n","protected":false},"author":2,"featured_media":7327,"comment_status":"open","ping_status":"closed","sticky":false,"template":"","format":"standard","meta":{"neve_meta_sidebar":"","neve_meta_container":"","neve_meta_enable_content_width":"","neve_meta_content_width":0,"neve_meta_title_alignment":"","neve_meta_author_avatar":"","neve_post_elements_order":"","neve_meta_disable_header":"","neve_meta_disable_footer":"","neve_meta_disable_title":"","footnotes":""},"categories":[9,11],"tags":[],"class_list":["post-7324","post","type-post","status-publish","format-standard","has-post-thumbnail","hentry","category-allgemein","category-rennsport"],"featured_image_urls":{"full":"","thumbnail":"","medium":"","medium_large":"","large":"","xl":"","xxl":"","xxxl":"","xxxxl":"","xxxxxl":"","1536x1536":"","2048x2048":"","neve-blog":""},"post_excerpt_stackable":"<p>Alle Jahre wieder ruft eine der schwierigsten Jugendrundfahrten Europas in die Oststeiermark und fast alle Nationen kommen. Dieses Jahr auch wieder mit von der Partie &#8211; Lukas Grie\u00dfer vom \u00d6AMTC RAIKA BKD ASV INZING. Gestern beim Prolog \u00fcber 1,7 km noch an 40. Stelle, zeigte er heute bei der ersten Etappe, als einer der aktivsten Fahrer, dass wenn es schwierig (d.h. gebirgig) wird, mit ihm zu rechnen ist. Als Lohn f\u00fcr seine aktive Fahrweise bekam er heute das Trikot des aktivsten \u00d6sterreichers \u00fcbergestreift, das vor einigen Jahren bereits einmal von einem Inzinger Fahrer getragen wurde (Alexander Wachter). Lukas ist nun&hellip;<\/p>\n","category_list":"<a href=\"https:\/\/rad.asvi.at\/?cat=9\" rel=\"category\">Allgemein<\/a>, <a href=\"https:\/\/rad.asvi.at\/?cat=11\" rel=\"category\">Rennsport<\/a>","author_info":{"name":"Roman","url":"https:\/\/rad.asvi.at\/?author=2"},"comments_num":"0 comments","_links":{"self":[{"href":"https:\/\/rad.asvi.at\/index.php?rest_route=\/wp\/v2\/posts\/7324","targetHints":{"allow":["GET"]}}],"collection":[{"href":"https:\/\/rad.asvi.at\/index.php?rest_route=\/wp\/v2\/posts"}],"about":[{"href":"https:\/\/rad.asvi.at\/index.php?rest_route=\/wp\/v2\/types\/post"}],"author":[{"embeddable":true,"href":"https:\/\/rad.asvi.at\/index.php?rest_route=\/wp\/v2\/users\/2"}],"replies":[{"embeddable":true,"href":"https:\/\/rad.asvi.at\/index.php?rest_route=%2Fwp%2Fv2%2Fcomments&post=7324"}],"version-history":[{"count":0,"href":"https:\/\/rad.asvi.at\/index.php?rest_route=\/wp\/v2\/posts\/7324\/revisions"}],"wp:featuredmedia":[{"embeddable":true,"href":"https:\/\/rad.asvi.at\/index.php?rest_route=\/"}],"wp:attachment":[{"href":"https:\/\/rad.asvi.at\/index.php?rest_route=%2Fwp%2Fv2%2Fmedia&parent=7324"}],"wp:term":[{"taxonomy":"category","embeddable":true,"href":"https:\/\/rad.asvi.at\/index.php?rest_route=%2Fwp%2Fv2%2Fcategories&post=7324"},{"taxonomy":"post_tag","embeddable":true,"href":"https:\/\/rad.asvi.at\/index.php?rest_route=%2Fwp%2Fv2%2Ftags&post=7324"}],"curies":[{"name":"wp","href":"https:\/\/api.w.org\/{rel}","templated":true}]}}