{"id":7332,"date":"2019-09-16T16:54:43","date_gmt":"2019-09-16T14:54:43","guid":{"rendered":"http:\/\/www.radclub-inzing.at\/?p=7332"},"modified":"2019-09-16T16:54:43","modified_gmt":"2019-09-16T14:54:43","slug":"inzinger-radnachwuchs-schurft-fleisig-edelmetall","status":"publish","type":"post","link":"https:\/\/rad.asvi.at\/?p=7332","title":{"rendered":"Inzinger Radnachwuchs sch\u00fcrft flei\u00dfig Edelmetall!"},"content":{"rendered":"<p><strong><span style=\"text-decoration: underline;\">TM-Einzelzeitfahren\/Mittwoch 28.8. in St. Johann int Tirol<\/span><\/strong><\/p>\n<p>Am Mittwoch 28.8 ging es im Rahmen der Radweltpokal Woche in St.Johann um Tiroler Meisterschaftsmedaillen im Einzelzeitfahren. Von unserem Verein standen Ramona und Lukas am Start. Beide konnten sich die Goldmedaille holen.<\/p>\n<p>&nbsp;<\/p>\n<p><strong><span style=\"text-decoration: underline;\">\u00d6M-Berg\/<\/span><\/strong><strong><span style=\"text-decoration: underline;\">Samstag 7.9<\/span><\/strong><strong><span style=\"text-decoration: underline;\">.<\/span><\/strong><strong><span style=\"text-decoration: underline;\"> in Hartberg (St<\/span><\/strong><strong><span style=\"text-decoration: underline;\">m<\/span><\/strong><strong><span style=\"text-decoration: underline;\">)<\/span><\/strong><\/p>\n<p>F\u00fcr die U17 Burschen stand am Samstag die \u00d6M am Berg am Plan. Von Hartberg ging es \u00fcber 14km und 900hm auf den Masenberg. Bei k\u00fchlem, aber trockenen Wetter ging es gleich voll zur Sache. Bei der ersten steilen Rampe (21%) zerlegte sich das Fahrerfeld und es bildete sich mit Lukas Grie\u00dfer, Hayjek Alex und Schrettl Marco eine 3-Mann Spitze. Lukas konnte bis zur 500 Meter Marke mithalten, musste aber dann rei\u00dfen lassen und kam so als Dritter \u00fcber die Ziellinie. Die 2te \u00d6M Medaille in Bronze f\u00fcr Lukas Grie\u00dfer (\u00d6AMTC RAIKA BKD ASV INZING).<\/p>\n<p>&nbsp;<\/p>\n<p><strong><span style=\"text-decoration: underline;\">\u00d6M-Kriterium\/<\/span><\/strong><strong><span style=\"text-decoration: underline;\">Sonntag 8.9<\/span><\/strong><strong><span style=\"text-decoration: underline;\">.<\/span><\/strong><strong><span style=\"text-decoration: underline;\"> in Anger (St<\/span><\/strong><strong><span style=\"text-decoration: underline;\">m<\/span><\/strong><strong><span style=\"text-decoration: underline;\">)<\/span><\/strong><\/p>\n<p>Am Sonntag wurde in Anger f\u00fcr alle Nachwuchs Klassen die \u00d6M und auch TM im Kriterium ausgetragen. Ramona Grie\u00dfer (U14) startete voll motiviert ins 15 Runden lange Rennen. Schon in der 2ten Runde sprang ihr wieder einmal die Kette raus und sie musste in der Depot-Zone eine Runden-Verg\u00fctung in Kauf nehmen, konnte dann aber schon bei der ersten Wertung Punkten. Ramona lieferte sich mit ihrer st\u00e4rksten Gegnerin Sophie\u00a0Walcher einen harten Zweikampf. Bei der alles entscheidenten letzten Wertung (doppelte Punkte) war Ramona leider ganz knapp hinter Sophie und gewann wie schon bei der \u00d6M-Strasse Silber (Gold bei der TM). Dass ausgerechnet schon zum dritten Mal bei \u00f6sterreichischen Meisterschaften die Kette Probleme macht, war schon eine ordentliche Portion Pech f\u00fcr Ramona. Felix R\u00fctzler startete bei den U15 Buben wo es schon \u00fcber 21 Runden ging. Felix k\u00e4mpfte stark , konnte sich in der zweiten Gruppe gut behaupten und kam bei der \u00d6M auf Platz 12 und bei der TM auf den tollen 2ten Platz und holte sich seine 2te TM Medaille in Silber. Bei Lukas Grie\u00dfer (U17) waren es schon 27 Runden und 9 Wertungen zu meistern. Lukas konnte schon bei der ersten Wertung Punkten und k\u00e4mpfte bei jeder Wertung voll um Punkte mit. Da er bei der letzten Runde leer ausging, reichte es nur mehr f\u00fcr Platz 8, obwohl Lukas ein -f\u00fcr seine Verh\u00e4ltnisse- sehr gutes Kriterium gefahren ist. Kriterium geh\u00f6rt nicht unbedingt zu seinen Lieblingsdisziplinen. Bei der TM kam er hinter Schrettl Marco ebenfalls auf Silber!Mit 1x \u00d6M Silber, 1x \u00d6M Bronze, 1x TM Gold und 2x TM Silber ein sehr erfolgreiches Wochenende f\u00fcr unsere Renfahrer vom \u00d6AMTC RAIKA BKD ASV INZING.<\/p>\n<p>&nbsp;<\/p>\n","protected":false},"excerpt":{"rendered":"<p>TM-Einzelzeitfahren\/Mittwoch 28.8. in St. Johann int Tirol Am Mittwoch 28.8 ging es im Rahmen der Radweltpokal Woche in St.Johann um Tiroler Meisterschaftsmedaillen im Einzelzeitfahren. Von unserem Verein standen Ramona und Lukas am Start. Beide konnten sich die Goldmedaille holen. &nbsp; \u00d6M-Berg\/Samstag 7.9. in Hartberg (Stm) F\u00fcr die U17 Burschen stand am Samstag die \u00d6M am&hellip;&nbsp;<a href=\"https:\/\/rad.asvi.at\/?p=7332\" class=\"\" rel=\"bookmark\">Weiterlesen &raquo;<span class=\"screen-reader-text\">Inzinger Radnachwuchs sch\u00fcrft flei\u00dfig Edelmetall!<\/span><\/a><\/p>\n","protected":false},"author":2,"featured_media":7347,"comment_status":"open","ping_status":"closed","sticky":false,"template":"","format":"standard","meta":{"neve_meta_sidebar":"","neve_meta_container":"","neve_meta_enable_content_width":"","neve_meta_content_width":0,"neve_meta_title_alignment":"","neve_meta_author_avatar":"","neve_post_elements_order":"","neve_meta_disable_header":"","neve_meta_disable_footer":"","neve_meta_disable_title":"","footnotes":""},"categories":[9,11],"tags":[],"class_list":["post-7332","post","type-post","status-publish","format-standard","has-post-thumbnail","hentry","category-allgemein","category-rennsport"],"featured_image_urls":{"full":"","thumbnail":"","medium":"","medium_large":"","large":"","xl":"","xxl":"","xxxl":"","xxxxl":"","xxxxxl":"","1536x1536":"","2048x2048":"","neve-blog":""},"post_excerpt_stackable":"<p>TM-Einzelzeitfahren\/Mittwoch 28.8. in St. Johann int Tirol Am Mittwoch 28.8 ging es im Rahmen der Radweltpokal Woche in St.Johann um Tiroler Meisterschaftsmedaillen im Einzelzeitfahren. Von unserem Verein standen Ramona und Lukas am Start. Beide konnten sich die Goldmedaille holen. &nbsp; \u00d6M-Berg\/Samstag 7.9. in Hartberg (Stm) F\u00fcr die U17 Burschen stand am Samstag die \u00d6M am Berg am Plan. Von Hartberg ging es \u00fcber 14km und 900hm auf den Masenberg. Bei k\u00fchlem, aber trockenen Wetter ging es gleich voll zur Sache. Bei der ersten steilen Rampe (21%) zerlegte sich das Fahrerfeld und es bildete sich mit Lukas Grie\u00dfer, Hayjek Alex und&hellip;<\/p>\n","category_list":"<a href=\"https:\/\/rad.asvi.at\/?cat=9\" rel=\"category\">Allgemein<\/a>, <a href=\"https:\/\/rad.asvi.at\/?cat=11\" rel=\"category\">Rennsport<\/a>","author_info":{"name":"Roman","url":"https:\/\/rad.asvi.at\/?author=2"},"comments_num":"0 comments","_links":{"self":[{"href":"https:\/\/rad.asvi.at\/index.php?rest_route=\/wp\/v2\/posts\/7332","targetHints":{"allow":["GET"]}}],"collection":[{"href":"https:\/\/rad.asvi.at\/index.php?rest_route=\/wp\/v2\/posts"}],"about":[{"href":"https:\/\/rad.asvi.at\/index.php?rest_route=\/wp\/v2\/types\/post"}],"author":[{"embeddable":true,"href":"https:\/\/rad.asvi.at\/index.php?rest_route=\/wp\/v2\/users\/2"}],"replies":[{"embeddable":true,"href":"https:\/\/rad.asvi.at\/index.php?rest_route=%2Fwp%2Fv2%2Fcomments&post=7332"}],"version-history":[{"count":0,"href":"https:\/\/rad.asvi.at\/index.php?rest_route=\/wp\/v2\/posts\/7332\/revisions"}],"wp:featuredmedia":[{"embeddable":true,"href":"https:\/\/rad.asvi.at\/index.php?rest_route=\/"}],"wp:attachment":[{"href":"https:\/\/rad.asvi.at\/index.php?rest_route=%2Fwp%2Fv2%2Fmedia&parent=7332"}],"wp:term":[{"taxonomy":"category","embeddable":true,"href":"https:\/\/rad.asvi.at\/index.php?rest_route=%2Fwp%2Fv2%2Fcategories&post=7332"},{"taxonomy":"post_tag","embeddable":true,"href":"https:\/\/rad.asvi.at\/index.php?rest_route=%2Fwp%2Fv2%2Ftags&post=7332"}],"curies":[{"name":"wp","href":"https:\/\/api.w.org\/{rel}","templated":true}]}}