{"id":7353,"date":"2019-10-13T17:56:19","date_gmt":"2019-10-13T15:56:19","guid":{"rendered":"http:\/\/www.radclub-inzing.at\/?p=7353"},"modified":"2019-10-13T17:56:19","modified_gmt":"2019-10-13T15:56:19","slug":"ramona-grieser-sichert-sich-auf-der-dusika-radrennbaqhn-in-wien-ihren-ersten-o-cup-gesamtsieg","status":"publish","type":"post","link":"https:\/\/rad.asvi.at\/?p=7353","title":{"rendered":"Ramona Grie\u00dfer sichert sich auf der Dusika-Radrennbahn in Wien ihren ersten \u00d6-Cup-Gesamtsieg!"},"content":{"rendered":"<p>Im Zuge des<strong> internationalen GP Vienna<\/strong> wurde am <strong>Freitag<\/strong> den <strong>11.10.2019<\/strong> das <strong>letzte \u00d6- Cup Rennen<\/strong> abgehalten. Im Bewerb Omnium, zu dem 4 verschiedene Bahnrennen gez\u00e4hlt werden, fighteten in der Kategorie U13 m\u00e4nnlich gemeinsam mit U14 M\u00e4dchen 20 StarterInnen aus Tschechien, Slowenien und \u00d6sterrreich im Wiener Dusikastadion. F\u00fcr Ramona war es das erste Bahnrennen \u00fcberhaupt. Nach einem Trainingslehrgang vergangene Woche in Wien gings gleich richtig los. Schon in der allerersten Runde kam es zu einem Massenstutz, mitten drin leider auch <em>Ramona Grie\u00dfer<\/em>. Das Rennen wurde neu gestartet und Ramona fasste sich ein Herz und versuchte ihr Bestes. In diesem Bewerb kam sie erst im letzten Drittel und ziemlich verunsichert ins Ziel. Kein Wunder der Schock vom Sturz war ihr ins Gesicht geschrieben und erst jetzt wurde auch der Achter im Hinterrad bemerkt und behoben. Im darauffolgenden Temporennen k\u00e4mpfte Ramona sensationell stark, wollte sie ja Schadesnbegrenzung gegen\u00fcber dem R\u00fcckstand auf ihre sch\u00e4rfste Konkurrentin Sophia Walcher in der Gesamtwertung des \u00d6-Cups betreiben. Sie wurde im 2.Rennen 4.! Etwas vers\u00f6hnt mit dem Rennverlauf ging sie ruhiger in die Pause. Am Nachmittag dann der 3. Bewerb das Ausscheidungsrennen.Top motiviert \u00fcberstand sie Runde f\u00fcr Runde. Abermals schaffte sie es auf den 4. Gesamtrang (incl. Burschen!) womit sie wertvolle Punkte anschreiben konnte. Nach dem 3. Bewerb hatte sie 90 Punkte und somit 12 Punkte Vorsprung auf Sophie Walcher aus der Steiermark. Im letzten Rennen, dem Punkterennen, d\u00fcrfte eigentlich nichts mehr schief gehen, es hie\u00df einfach nur durchkommen. Gesagt getan fuhr <strong><em>Ramona<\/em><\/strong> den <strong>\u00d6-Cup-Gesamtsieg<\/strong> nach Tirol! Beim GP Vienna wurde sie starke 3.!<br \/>\nIhr Bruder<strong><em> Lukas Grie\u00dfer<\/em><\/strong> hatte in der Kategorie U17 m\u00e4nnlich nach 24 Rennen kein Bahnrennen zu bestreiten und wurde im <strong>\u00d6-Cup <\/strong>ausgezeichneter <strong>2.<\/strong>!<\/p>\n","protected":false},"excerpt":{"rendered":"<p>Im Zuge des internationalen GP Vienna wurde am Freitag den 11.10.2019 das letzte \u00d6- Cup Rennen abgehalten. Im Bewerb Omnium, zu dem 4 verschiedene Bahnrennen gez\u00e4hlt werden, fighteten in der Kategorie U13 m\u00e4nnlich gemeinsam mit U14 M\u00e4dchen 20 StarterInnen aus Tschechien, Slowenien und \u00d6sterrreich im Wiener Dusikastadion. F\u00fcr Ramona war es das erste Bahnrennen \u00fcberhaupt.&hellip;&nbsp;<a href=\"https:\/\/rad.asvi.at\/?p=7353\" class=\"\" rel=\"bookmark\">Weiterlesen &raquo;<span class=\"screen-reader-text\">Ramona Grie\u00dfer sichert sich auf der Dusika-Radrennbahn in Wien ihren ersten \u00d6-Cup-Gesamtsieg!<\/span><\/a><\/p>\n","protected":false},"author":2,"featured_media":7357,"comment_status":"open","ping_status":"closed","sticky":false,"template":"","format":"standard","meta":{"neve_meta_sidebar":"","neve_meta_container":"","neve_meta_enable_content_width":"","neve_meta_content_width":0,"neve_meta_title_alignment":"","neve_meta_author_avatar":"","neve_post_elements_order":"","neve_meta_disable_header":"","neve_meta_disable_footer":"","neve_meta_disable_title":"","footnotes":""},"categories":[9,11],"tags":[],"class_list":["post-7353","post","type-post","status-publish","format-standard","has-post-thumbnail","hentry","category-allgemein","category-rennsport"],"featured_image_urls":{"full":"","thumbnail":"","medium":"","medium_large":"","large":"","xl":"","xxl":"","xxxl":"","xxxxl":"","xxxxxl":"","1536x1536":"","2048x2048":"","neve-blog":""},"post_excerpt_stackable":"<p>Im Zuge des internationalen GP Vienna wurde am Freitag den 11.10.2019 das letzte \u00d6- Cup Rennen abgehalten. Im Bewerb Omnium, zu dem 4 verschiedene Bahnrennen gez\u00e4hlt werden, fighteten in der Kategorie U13 m\u00e4nnlich gemeinsam mit U14 M\u00e4dchen 20 StarterInnen aus Tschechien, Slowenien und \u00d6sterrreich im Wiener Dusikastadion. F\u00fcr Ramona war es das erste Bahnrennen \u00fcberhaupt. Nach einem Trainingslehrgang vergangene Woche in Wien gings gleich richtig los. Schon in der allerersten Runde kam es zu einem Massenstutz, mitten drin leider auch Ramona Grie\u00dfer. Das Rennen wurde neu gestartet und Ramona fasste sich ein Herz und versuchte ihr Bestes. In diesem Bewerb&hellip;<\/p>\n","category_list":"<a href=\"https:\/\/rad.asvi.at\/?cat=9\" rel=\"category\">Allgemein<\/a>, <a href=\"https:\/\/rad.asvi.at\/?cat=11\" rel=\"category\">Rennsport<\/a>","author_info":{"name":"Roman","url":"https:\/\/rad.asvi.at\/?author=2"},"comments_num":"0 comments","_links":{"self":[{"href":"https:\/\/rad.asvi.at\/index.php?rest_route=\/wp\/v2\/posts\/7353","targetHints":{"allow":["GET"]}}],"collection":[{"href":"https:\/\/rad.asvi.at\/index.php?rest_route=\/wp\/v2\/posts"}],"about":[{"href":"https:\/\/rad.asvi.at\/index.php?rest_route=\/wp\/v2\/types\/post"}],"author":[{"embeddable":true,"href":"https:\/\/rad.asvi.at\/index.php?rest_route=\/wp\/v2\/users\/2"}],"replies":[{"embeddable":true,"href":"https:\/\/rad.asvi.at\/index.php?rest_route=%2Fwp%2Fv2%2Fcomments&post=7353"}],"version-history":[{"count":0,"href":"https:\/\/rad.asvi.at\/index.php?rest_route=\/wp\/v2\/posts\/7353\/revisions"}],"wp:featuredmedia":[{"embeddable":true,"href":"https:\/\/rad.asvi.at\/index.php?rest_route=\/"}],"wp:attachment":[{"href":"https:\/\/rad.asvi.at\/index.php?rest_route=%2Fwp%2Fv2%2Fmedia&parent=7353"}],"wp:term":[{"taxonomy":"category","embeddable":true,"href":"https:\/\/rad.asvi.at\/index.php?rest_route=%2Fwp%2Fv2%2Fcategories&post=7353"},{"taxonomy":"post_tag","embeddable":true,"href":"https:\/\/rad.asvi.at\/index.php?rest_route=%2Fwp%2Fv2%2Ftags&post=7353"}],"curies":[{"name":"wp","href":"https:\/\/api.w.org\/{rel}","templated":true}]}}