{"id":7363,"date":"2019-10-13T16:00:20","date_gmt":"2019-10-13T14:00:20","guid":{"rendered":"http:\/\/www.radclub-inzing.at\/?p=7363"},"modified":"2019-10-13T16:00:20","modified_gmt":"2019-10-13T14:00:20","slug":"1-querfeldeinrennen-in-kitzbuhel6-7-10-2019","status":"publish","type":"post","link":"https:\/\/rad.asvi.at\/?p=7363","title":{"rendered":"1. Querfeldeinrennen in Kitzb\u00fchel\/6.-7.10.2019"},"content":{"rendered":"<div>Am Sonntag den 07.10. 2019 fuhren Inzings Youngsters ihr erstes Querfeldeinrennen \u00fcberhaupt. Die Sportart (fr\u00fcher sehr wohl auch in Tirol heimisch!) fand in \u00d6sterreich in den vergangenen Jahren vorwiegend im \u201eOsten\u201c statt. Umso erfreulicher, dass sich das Radsport-Stanger-Kitzb\u00fchel-Team rund um Jimmy Wafler um die Wiederbelebung dieser Sparte in Tirol einsetzte und das Rennen musterg\u00fcltig organisierte.<\/div>\n<p>Bei sehr schwierigen Verh\u00e4ltnissen (aufgeweichter Boden\/schwerer Kurs) schlugen sich die Inzinger Nachwuchsathleten recht wacker. Ramona Grie\u00dfer (Md U14) siegte trotz Sturz gleich beim ersten Hindernis (Schikane) durch eine beherzte Aufholjagd. Felix R\u00fctzler (U15) fuhr ein sehr starkes Rennen &#8211; trotz fehlender Cross-Country-WK-Erfahrung. Er wurde ausgezeichneter 4. im Rennen und 2. bei den Tiroler Meisterschaften!<\/p>\n<p>Beinhart dann das Rennen der Junioren (Lukas Grie\u00dfer musste hier starten, da alle 2.-J\u00e4hrigen ab Oktober bei Querfeldeinrennen bereits aufsteigen), das \u00fcber 40 Minuten ging. Lukas k\u00e4mpfte lange Zeit um den 2. Platz bei der Tiroler Meisterschaft \u2013 gegen Ende des Rennens aber setzte sich Emilio Halbmayer (2.) doch noch durch. An der Spitze fuhr ein \u00fcberlegener Marco Schrettl zum Sieg \u2013 da konnte nicht einmal der Stra\u00dfen-Dominator dieser Saison Alexander Hajek mithalten.<\/p>\n<p>Auch der TT-Tiwag-Cup war mit diesem letzten Rennen entschieden. Ramona Grie\u00dfer wurde auch hier 1. Felix R\u00fctzler und Lukas Grie\u00dfer 2. BRAVO!<\/p>\n","protected":false},"excerpt":{"rendered":"<p>Am Sonntag den 07.10. 2019 fuhren Inzings Youngsters ihr erstes Querfeldeinrennen \u00fcberhaupt. Die Sportart (fr\u00fcher sehr wohl auch in Tirol heimisch!) fand in \u00d6sterreich in den vergangenen Jahren vorwiegend im \u201eOsten\u201c statt. Umso erfreulicher, dass sich das Radsport-Stanger-Kitzb\u00fchel-Team rund um Jimmy Wafler um die Wiederbelebung dieser Sparte in Tirol einsetzte und das Rennen musterg\u00fcltig organisierte.&hellip;&nbsp;<a href=\"https:\/\/rad.asvi.at\/?p=7363\" class=\"\" rel=\"bookmark\">Weiterlesen &raquo;<span class=\"screen-reader-text\">1. Querfeldeinrennen in Kitzb\u00fchel\/6.-7.10.2019<\/span><\/a><\/p>\n","protected":false},"author":2,"featured_media":7375,"comment_status":"open","ping_status":"closed","sticky":false,"template":"","format":"standard","meta":{"neve_meta_sidebar":"","neve_meta_container":"","neve_meta_enable_content_width":"","neve_meta_content_width":0,"neve_meta_title_alignment":"","neve_meta_author_avatar":"","neve_post_elements_order":"","neve_meta_disable_header":"","neve_meta_disable_footer":"","neve_meta_disable_title":"","footnotes":""},"categories":[9,11],"tags":[],"class_list":["post-7363","post","type-post","status-publish","format-standard","has-post-thumbnail","hentry","category-allgemein","category-rennsport"],"featured_image_urls":{"full":"","thumbnail":"","medium":"","medium_large":"","large":"","xl":"","xxl":"","xxxl":"","xxxxl":"","xxxxxl":"","1536x1536":"","2048x2048":"","neve-blog":""},"post_excerpt_stackable":"<p>Am Sonntag den 07.10. 2019 fuhren Inzings Youngsters ihr erstes Querfeldeinrennen \u00fcberhaupt. Die Sportart (fr\u00fcher sehr wohl auch in Tirol heimisch!) fand in \u00d6sterreich in den vergangenen Jahren vorwiegend im \u201eOsten\u201c statt. Umso erfreulicher, dass sich das Radsport-Stanger-Kitzb\u00fchel-Team rund um Jimmy Wafler um die Wiederbelebung dieser Sparte in Tirol einsetzte und das Rennen musterg\u00fcltig organisierte. Bei sehr schwierigen Verh\u00e4ltnissen (aufgeweichter Boden\/schwerer Kurs) schlugen sich die Inzinger Nachwuchsathleten recht wacker. Ramona Grie\u00dfer (Md U14) siegte trotz Sturz gleich beim ersten Hindernis (Schikane) durch eine beherzte Aufholjagd. Felix R\u00fctzler (U15) fuhr ein sehr starkes Rennen &#8211; trotz fehlender Cross-Country-WK-Erfahrung. Er wurde ausgezeichneter&hellip;<\/p>\n","category_list":"<a href=\"https:\/\/rad.asvi.at\/?cat=9\" rel=\"category\">Allgemein<\/a>, <a href=\"https:\/\/rad.asvi.at\/?cat=11\" rel=\"category\">Rennsport<\/a>","author_info":{"name":"Roman","url":"https:\/\/rad.asvi.at\/?author=2"},"comments_num":"0 comments","_links":{"self":[{"href":"https:\/\/rad.asvi.at\/index.php?rest_route=\/wp\/v2\/posts\/7363","targetHints":{"allow":["GET"]}}],"collection":[{"href":"https:\/\/rad.asvi.at\/index.php?rest_route=\/wp\/v2\/posts"}],"about":[{"href":"https:\/\/rad.asvi.at\/index.php?rest_route=\/wp\/v2\/types\/post"}],"author":[{"embeddable":true,"href":"https:\/\/rad.asvi.at\/index.php?rest_route=\/wp\/v2\/users\/2"}],"replies":[{"embeddable":true,"href":"https:\/\/rad.asvi.at\/index.php?rest_route=%2Fwp%2Fv2%2Fcomments&post=7363"}],"version-history":[{"count":0,"href":"https:\/\/rad.asvi.at\/index.php?rest_route=\/wp\/v2\/posts\/7363\/revisions"}],"wp:featuredmedia":[{"embeddable":true,"href":"https:\/\/rad.asvi.at\/index.php?rest_route=\/"}],"wp:attachment":[{"href":"https:\/\/rad.asvi.at\/index.php?rest_route=%2Fwp%2Fv2%2Fmedia&parent=7363"}],"wp:term":[{"taxonomy":"category","embeddable":true,"href":"https:\/\/rad.asvi.at\/index.php?rest_route=%2Fwp%2Fv2%2Fcategories&post=7363"},{"taxonomy":"post_tag","embeddable":true,"href":"https:\/\/rad.asvi.at\/index.php?rest_route=%2Fwp%2Fv2%2Ftags&post=7363"}],"curies":[{"name":"wp","href":"https:\/\/api.w.org\/{rel}","templated":true}]}}