{"id":7382,"date":"2019-10-13T15:02:28","date_gmt":"2019-10-13T13:02:28","guid":{"rendered":"http:\/\/www.radclub-inzing.at\/?p=7382"},"modified":"2019-10-13T15:02:28","modified_gmt":"2019-10-13T13:02:28","slug":"ramona-und-lukas-grieser-siegen-beim-kolsass-berg-classic","status":"publish","type":"post","link":"https:\/\/rad.asvi.at\/?p=7382","title":{"rendered":"Ramona und Lukas Grie\u00dfer siegen beim Kolsass-Berg-Classic!"},"content":{"rendered":"<p><strong><span style=\"text-decoration: underline;\">21.9.2019 MTB<\/span><\/strong><strong><span style=\"text-decoration: underline;\">&#8211;<\/span><\/strong><strong><span style=\"text-decoration: underline;\">TM<\/span><\/strong><strong><span style=\"text-decoration: underline;\">-Berg\/Kolsass<\/span><\/strong><\/p>\n<p>Bei traumhaftem Wetter starteten Ramona und Lukas Grie\u00dfer auch heuer wieder in Kolsass beim MTB Rennen und k\u00e4mpften um Tiroler Meisterschaftsmedaillen. Ramona konnte schon in der ersten von 3 Runden ihre Konkurrentinnen hinter sich lassen. Bei der ersten Zieldurchfahrt waren nur 2 Burschen vor ihr. Bis zur dritten Runde vergr\u00f6\u00dferte sie den Vorsprung auf das 2te M\u00e4dchen auf \u00fcber eine Minute, bis sie bei der letzten schwierigen Abfahrt noch einen Salto schlug, sofort wieder aufs Bike sprang und noch immer mit ca 40sec Vorsprung zu ihrer ersten TM Gold Medaille im MTB fuhr! Auch Lukas k\u00e4mpfte voll um Medaillen mit, war bis in die 2te von 4 Runden auf Silberkurs, konnte aber bei den Abfahrten nicht ganz mithalten und gewann so\u00a0TM Bronze.<\/p>\n<p>Am Sonntag beim Kolsassberg Classic gingen gleich 4 Fahrer unseres Vereins \u00d6AMTC BKD ASV INZING an den Start. R\u00fctzler Felix, Ramona, Lukas und Thomas Grie\u00dfer. Die Kinder bis 12 Jahre hatten 2,5km -vom J\u00e4gerhof bis auf den Kolsassberg- zu meistern. Auch da hatten alle Burschen und M\u00e4dchen gegen Ramona keine Chance, sie gewinnt dieses Rennen mit 2 Minuten Vorsprung!! Alle anderen starteten gemeinsam in Kolsass und hatten 5,7km und ca: 600hm zu bew\u00e4ltigen. Vom Start weg zeigte Lukas; dass er noch in Top Form ist und konnte bis zur 500 Meter Marke mit Hofman Wolfgang, Wildauer Daniel und Gschnitzer Thomas mithalten und kam als 4ter des gesamten Starterrfeldes mit nur 20sec. R\u00fcckstand auf Hofman ins Ziel! Gro\u00dfartig! In der Jugendklasse siegte Lukas souver\u00e4n mit 1,5 min Vorsprung auf Marco Schrettl. F\u00fcr Felix und v.a. Thomas war das Ganze ein wenig schwieriger, aber auch sie k\u00e4mpften beherzt und fuhren ein gutes Rennen. Felix wurde 8. bei den U15 und Thomas hervorragender 9. seiner Altersklasse.<\/p>\n<p>&nbsp;<\/p>\n<p>&nbsp;<\/p>\n","protected":false},"excerpt":{"rendered":"<p>21.9.2019 MTB&#8211;TM-Berg\/Kolsass Bei traumhaftem Wetter starteten Ramona und Lukas Grie\u00dfer auch heuer wieder in Kolsass beim MTB Rennen und k\u00e4mpften um Tiroler Meisterschaftsmedaillen. Ramona konnte schon in der ersten von 3 Runden ihre Konkurrentinnen hinter sich lassen. Bei der ersten Zieldurchfahrt waren nur 2 Burschen vor ihr. Bis zur dritten Runde vergr\u00f6\u00dferte sie den Vorsprung&hellip;&nbsp;<a href=\"https:\/\/rad.asvi.at\/?p=7382\" class=\"\" rel=\"bookmark\">Weiterlesen &raquo;<span class=\"screen-reader-text\">Ramona und Lukas Grie\u00dfer siegen beim Kolsass-Berg-Classic!<\/span><\/a><\/p>\n","protected":false},"author":2,"featured_media":7392,"comment_status":"open","ping_status":"closed","sticky":false,"template":"","format":"standard","meta":{"neve_meta_sidebar":"","neve_meta_container":"","neve_meta_enable_content_width":"","neve_meta_content_width":0,"neve_meta_title_alignment":"","neve_meta_author_avatar":"","neve_post_elements_order":"","neve_meta_disable_header":"","neve_meta_disable_footer":"","neve_meta_disable_title":"","footnotes":""},"categories":[9,11],"tags":[],"class_list":["post-7382","post","type-post","status-publish","format-standard","has-post-thumbnail","hentry","category-allgemein","category-rennsport"],"featured_image_urls":{"full":"","thumbnail":"","medium":"","medium_large":"","large":"","xl":"","xxl":"","xxxl":"","xxxxl":"","xxxxxl":"","1536x1536":"","2048x2048":"","neve-blog":""},"post_excerpt_stackable":"<p>21.9.2019 MTB&#8211;TM-Berg\/Kolsass Bei traumhaftem Wetter starteten Ramona und Lukas Grie\u00dfer auch heuer wieder in Kolsass beim MTB Rennen und k\u00e4mpften um Tiroler Meisterschaftsmedaillen. Ramona konnte schon in der ersten von 3 Runden ihre Konkurrentinnen hinter sich lassen. Bei der ersten Zieldurchfahrt waren nur 2 Burschen vor ihr. Bis zur dritten Runde vergr\u00f6\u00dferte sie den Vorsprung auf das 2te M\u00e4dchen auf \u00fcber eine Minute, bis sie bei der letzten schwierigen Abfahrt noch einen Salto schlug, sofort wieder aufs Bike sprang und noch immer mit ca 40sec Vorsprung zu ihrer ersten TM Gold Medaille im MTB fuhr! Auch Lukas k\u00e4mpfte voll um&hellip;<\/p>\n","category_list":"<a href=\"https:\/\/rad.asvi.at\/?cat=9\" rel=\"category\">Allgemein<\/a>, <a href=\"https:\/\/rad.asvi.at\/?cat=11\" rel=\"category\">Rennsport<\/a>","author_info":{"name":"Roman","url":"https:\/\/rad.asvi.at\/?author=2"},"comments_num":"0 comments","_links":{"self":[{"href":"https:\/\/rad.asvi.at\/index.php?rest_route=\/wp\/v2\/posts\/7382","targetHints":{"allow":["GET"]}}],"collection":[{"href":"https:\/\/rad.asvi.at\/index.php?rest_route=\/wp\/v2\/posts"}],"about":[{"href":"https:\/\/rad.asvi.at\/index.php?rest_route=\/wp\/v2\/types\/post"}],"author":[{"embeddable":true,"href":"https:\/\/rad.asvi.at\/index.php?rest_route=\/wp\/v2\/users\/2"}],"replies":[{"embeddable":true,"href":"https:\/\/rad.asvi.at\/index.php?rest_route=%2Fwp%2Fv2%2Fcomments&post=7382"}],"version-history":[{"count":0,"href":"https:\/\/rad.asvi.at\/index.php?rest_route=\/wp\/v2\/posts\/7382\/revisions"}],"wp:featuredmedia":[{"embeddable":true,"href":"https:\/\/rad.asvi.at\/index.php?rest_route=\/"}],"wp:attachment":[{"href":"https:\/\/rad.asvi.at\/index.php?rest_route=%2Fwp%2Fv2%2Fmedia&parent=7382"}],"wp:term":[{"taxonomy":"category","embeddable":true,"href":"https:\/\/rad.asvi.at\/index.php?rest_route=%2Fwp%2Fv2%2Fcategories&post=7382"},{"taxonomy":"post_tag","embeddable":true,"href":"https:\/\/rad.asvi.at\/index.php?rest_route=%2Fwp%2Fv2%2Ftags&post=7382"}],"curies":[{"name":"wp","href":"https:\/\/api.w.org\/{rel}","templated":true}]}}