{"id":7399,"date":"2020-06-14T19:37:33","date_gmt":"2020-06-14T17:37:33","guid":{"rendered":"http:\/\/www.radclub-inzing.at\/?p=7399"},"modified":"2020-06-14T19:37:33","modified_gmt":"2020-06-14T17:37:33","slug":"erstes-rennen-nach-corona-endlich","status":"publish","type":"post","link":"https:\/\/rad.asvi.at\/?p=7399","title":{"rendered":"ENDLICH ERSTES RENNEN &#8222;NACH&#8220; CORONA!"},"content":{"rendered":"<p><strong>Ramona Grie\u00dfer (\u00d6AMTC RAIKA BKD ASV INZING) gewinnt das erste &#8222;Corona&#8220;-Rennen!<\/strong><\/p>\n<p>Am letzten Sonntag fand \u00f6sterreichweit das erste &#8222;echte&#8220; Radrennen f\u00fcr den heimischen Nachwuchs statt und zwar in Form eines Einzelzeitfahrens auf der Rollerstrecke im Alpenstadion in Villach. Massenstart ist ja nach wie vor immer noch nicht m\u00f6glich! Bei den <strong>U 14 M\u00e4dchen<\/strong> waren 11 Starterinnen angetreten. Sie hatten 2 Runden zu je 2,8km und ca. 100 Hm zu bew\u00e4ltigen. Der Rundkurs war sehr anspruchsvoll, sowohl was die Anstiege als auch die wilden Abfahrten anbelangt. <strong>Ramona Grie\u00dfer<\/strong> konnte das schwierige Rennen trotzdem <strong>gewinnen<\/strong>!<\/p>\n<p>Auch die Burschen unseres Vereins boten mit den Pl\u00e4tzen <strong>4<\/strong> (<strong>Lukas Grie\u00dfer\/Jun<\/strong>) und <strong>6<\/strong> (<strong>Felix R\u00fctzler\/U15<\/strong>) beachtliche Leistungen. Die Junioren hatten 4 Runden und 200 Hm und die U 15 3 Runden und 150 Hm zu bew\u00e4ltigen.<\/p>\n<p>Alle waren gl\u00fccklich, nicht nur weil sie mit ihrer Leistung zufrieden waren, sondern v.a. weil sie endlich wieder Rennen fahren durften und viele Freundinnen und Freunde wieder gesehen haben.<\/p>\n<p>&nbsp;<\/p>\n","protected":false},"excerpt":{"rendered":"<p>Ramona Grie\u00dfer (\u00d6AMTC RAIKA BKD ASV INZING) gewinnt das erste &#8222;Corona&#8220;-Rennen! Am letzten Sonntag fand \u00f6sterreichweit das erste &#8222;echte&#8220; Radrennen f\u00fcr den heimischen Nachwuchs statt und zwar in Form eines Einzelzeitfahrens auf der Rollerstrecke im Alpenstadion in Villach. Massenstart ist ja nach wie vor immer noch nicht m\u00f6glich! Bei den U 14 M\u00e4dchen waren 11&hellip;&nbsp;<a href=\"https:\/\/rad.asvi.at\/?p=7399\" class=\"\" rel=\"bookmark\">Weiterlesen &raquo;<span class=\"screen-reader-text\">ENDLICH ERSTES RENNEN &#8222;NACH&#8220; CORONA!<\/span><\/a><\/p>\n","protected":false},"author":2,"featured_media":7412,"comment_status":"open","ping_status":"closed","sticky":false,"template":"","format":"standard","meta":{"neve_meta_sidebar":"","neve_meta_container":"","neve_meta_enable_content_width":"","neve_meta_content_width":0,"neve_meta_title_alignment":"","neve_meta_author_avatar":"","neve_post_elements_order":"","neve_meta_disable_header":"","neve_meta_disable_footer":"","neve_meta_disable_title":"","footnotes":""},"categories":[9,11],"tags":[],"class_list":["post-7399","post","type-post","status-publish","format-standard","has-post-thumbnail","hentry","category-allgemein","category-rennsport"],"featured_image_urls":{"full":"","thumbnail":"","medium":"","medium_large":"","large":"","xl":"","xxl":"","xxxl":"","xxxxl":"","xxxxxl":"","1536x1536":"","2048x2048":"","neve-blog":""},"post_excerpt_stackable":"<p>Ramona Grie\u00dfer (\u00d6AMTC RAIKA BKD ASV INZING) gewinnt das erste &#8222;Corona&#8220;-Rennen! Am letzten Sonntag fand \u00f6sterreichweit das erste &#8222;echte&#8220; Radrennen f\u00fcr den heimischen Nachwuchs statt und zwar in Form eines Einzelzeitfahrens auf der Rollerstrecke im Alpenstadion in Villach. Massenstart ist ja nach wie vor immer noch nicht m\u00f6glich! Bei den U 14 M\u00e4dchen waren 11 Starterinnen angetreten. Sie hatten 2 Runden zu je 2,8km und ca. 100 Hm zu bew\u00e4ltigen. Der Rundkurs war sehr anspruchsvoll, sowohl was die Anstiege als auch die wilden Abfahrten anbelangt. Ramona Grie\u00dfer konnte das schwierige Rennen trotzdem gewinnen! Auch die Burschen unseres Vereins boten mit&hellip;<\/p>\n","category_list":"<a href=\"https:\/\/rad.asvi.at\/?cat=9\" rel=\"category\">Allgemein<\/a>, <a href=\"https:\/\/rad.asvi.at\/?cat=11\" rel=\"category\">Rennsport<\/a>","author_info":{"name":"Roman","url":"https:\/\/rad.asvi.at\/?author=2"},"comments_num":"0 comments","_links":{"self":[{"href":"https:\/\/rad.asvi.at\/index.php?rest_route=\/wp\/v2\/posts\/7399","targetHints":{"allow":["GET"]}}],"collection":[{"href":"https:\/\/rad.asvi.at\/index.php?rest_route=\/wp\/v2\/posts"}],"about":[{"href":"https:\/\/rad.asvi.at\/index.php?rest_route=\/wp\/v2\/types\/post"}],"author":[{"embeddable":true,"href":"https:\/\/rad.asvi.at\/index.php?rest_route=\/wp\/v2\/users\/2"}],"replies":[{"embeddable":true,"href":"https:\/\/rad.asvi.at\/index.php?rest_route=%2Fwp%2Fv2%2Fcomments&post=7399"}],"version-history":[{"count":0,"href":"https:\/\/rad.asvi.at\/index.php?rest_route=\/wp\/v2\/posts\/7399\/revisions"}],"wp:featuredmedia":[{"embeddable":true,"href":"https:\/\/rad.asvi.at\/index.php?rest_route=\/"}],"wp:attachment":[{"href":"https:\/\/rad.asvi.at\/index.php?rest_route=%2Fwp%2Fv2%2Fmedia&parent=7399"}],"wp:term":[{"taxonomy":"category","embeddable":true,"href":"https:\/\/rad.asvi.at\/index.php?rest_route=%2Fwp%2Fv2%2Fcategories&post=7399"},{"taxonomy":"post_tag","embeddable":true,"href":"https:\/\/rad.asvi.at\/index.php?rest_route=%2Fwp%2Fv2%2Ftags&post=7399"}],"curies":[{"name":"wp","href":"https:\/\/api.w.org\/{rel}","templated":true}]}}