{"id":7419,"date":"2020-07-07T00:00:59","date_gmt":"2020-07-06T22:00:59","guid":{"rendered":"http:\/\/www.radclub-inzing.at\/?p=7419"},"modified":"2020-07-07T00:00:59","modified_gmt":"2020-07-06T22:00:59","slug":"ramona-grieser-eilt-von-sieg-zu-sieg","status":"publish","type":"post","link":"https:\/\/rad.asvi.at\/?p=7419","title":{"rendered":"Ramona Grie\u00dfer eilt von Sieg zu Sieg!"},"content":{"rendered":"<p>Palten-Ennstaltour<\/p>\n<p>Am Sa 4.7. startete die Palten-Ennstaltour mit einem 1,7km langen Prolog. Am Nachmittag fand dann ein Bergzeitfahren (2,5 bzw. 10km\/Jun) statt. Zum Abschluss am Sonntag dann noch ein Einzelzeitfahren \u00fcber 7km. Inzings \u00d6AMTC RAIKA BKD ASVI war mit 3 Fahrern am Start. \u00dcberragend dabei schon wieder <strong><em>Ramona Grie\u00dfer (Md U14)<\/em><\/strong>, die alle drei Bewerbe f\u00fcr sich entscheiden konnte und so die Gesamtwertung in \u00fcberlegener Manier <strong>gewann<\/strong>! Beim Bergzeitfahren \u00fcber 2,5 km fuhr sie fast eine Minute (!) schneller als die Zweitplatzierte. Ebenfalls hervorragend gefahren ist<strong><em> Felix R\u00fctzler (U15)<\/em><\/strong>, der beim Bergzeitfahren seinen ersten Stockerlplatz auf nationaler Ebene einfuhr und in der Gesamtwertung auf den beachtlichen <strong>6. Rang<\/strong> kam. Auch <strong><em>Lukas Grie\u00dfer (Jun)<\/em><\/strong> konnte in der Endabrechnung mit einem <strong>4. Platz<\/strong> in der Gesamtwertung durchaus mit sich zufrieden sein. Er hatte ja beim Prolog etwas Pech, da er nicht sofort ins Pedal hineinkam und dadurch wertvolle Sekunden verlor.<\/p>\n","protected":false},"excerpt":{"rendered":"<p>Palten-Ennstaltour Am Sa 4.7. startete die Palten-Ennstaltour mit einem 1,7km langen Prolog. Am Nachmittag fand dann ein Bergzeitfahren (2,5 bzw. 10km\/Jun) statt. Zum Abschluss am Sonntag dann noch ein Einzelzeitfahren \u00fcber 7km. Inzings \u00d6AMTC RAIKA BKD ASVI war mit 3 Fahrern am Start. \u00dcberragend dabei schon wieder Ramona Grie\u00dfer (Md U14), die alle drei Bewerbe&hellip;&nbsp;<a href=\"https:\/\/rad.asvi.at\/?p=7419\" class=\"\" rel=\"bookmark\">Weiterlesen &raquo;<span class=\"screen-reader-text\">Ramona Grie\u00dfer eilt von Sieg zu Sieg!<\/span><\/a><\/p>\n","protected":false},"author":2,"featured_media":7435,"comment_status":"open","ping_status":"closed","sticky":false,"template":"","format":"standard","meta":{"neve_meta_sidebar":"","neve_meta_container":"","neve_meta_enable_content_width":"","neve_meta_content_width":0,"neve_meta_title_alignment":"","neve_meta_author_avatar":"","neve_post_elements_order":"","neve_meta_disable_header":"","neve_meta_disable_footer":"","neve_meta_disable_title":"","footnotes":""},"categories":[9,11],"tags":[],"class_list":["post-7419","post","type-post","status-publish","format-standard","has-post-thumbnail","hentry","category-allgemein","category-rennsport"],"featured_image_urls":{"full":"","thumbnail":"","medium":"","medium_large":"","large":"","xl":"","xxl":"","xxxl":"","xxxxl":"","xxxxxl":"","1536x1536":"","2048x2048":"","neve-blog":""},"post_excerpt_stackable":"<p>Palten-Ennstaltour Am Sa 4.7. startete die Palten-Ennstaltour mit einem 1,7km langen Prolog. Am Nachmittag fand dann ein Bergzeitfahren (2,5 bzw. 10km\/Jun) statt. Zum Abschluss am Sonntag dann noch ein Einzelzeitfahren \u00fcber 7km. Inzings \u00d6AMTC RAIKA BKD ASVI war mit 3 Fahrern am Start. \u00dcberragend dabei schon wieder Ramona Grie\u00dfer (Md U14), die alle drei Bewerbe f\u00fcr sich entscheiden konnte und so die Gesamtwertung in \u00fcberlegener Manier gewann! Beim Bergzeitfahren \u00fcber 2,5 km fuhr sie fast eine Minute (!) schneller als die Zweitplatzierte. Ebenfalls hervorragend gefahren ist Felix R\u00fctzler (U15), der beim Bergzeitfahren seinen ersten Stockerlplatz auf nationaler Ebene einfuhr und&hellip;<\/p>\n","category_list":"<a href=\"https:\/\/rad.asvi.at\/?cat=9\" rel=\"category\">Allgemein<\/a>, <a href=\"https:\/\/rad.asvi.at\/?cat=11\" rel=\"category\">Rennsport<\/a>","author_info":{"name":"Roman","url":"https:\/\/rad.asvi.at\/?author=2"},"comments_num":"0 comments","_links":{"self":[{"href":"https:\/\/rad.asvi.at\/index.php?rest_route=\/wp\/v2\/posts\/7419","targetHints":{"allow":["GET"]}}],"collection":[{"href":"https:\/\/rad.asvi.at\/index.php?rest_route=\/wp\/v2\/posts"}],"about":[{"href":"https:\/\/rad.asvi.at\/index.php?rest_route=\/wp\/v2\/types\/post"}],"author":[{"embeddable":true,"href":"https:\/\/rad.asvi.at\/index.php?rest_route=\/wp\/v2\/users\/2"}],"replies":[{"embeddable":true,"href":"https:\/\/rad.asvi.at\/index.php?rest_route=%2Fwp%2Fv2%2Fcomments&post=7419"}],"version-history":[{"count":0,"href":"https:\/\/rad.asvi.at\/index.php?rest_route=\/wp\/v2\/posts\/7419\/revisions"}],"wp:featuredmedia":[{"embeddable":true,"href":"https:\/\/rad.asvi.at\/index.php?rest_route=\/"}],"wp:attachment":[{"href":"https:\/\/rad.asvi.at\/index.php?rest_route=%2Fwp%2Fv2%2Fmedia&parent=7419"}],"wp:term":[{"taxonomy":"category","embeddable":true,"href":"https:\/\/rad.asvi.at\/index.php?rest_route=%2Fwp%2Fv2%2Fcategories&post=7419"},{"taxonomy":"post_tag","embeddable":true,"href":"https:\/\/rad.asvi.at\/index.php?rest_route=%2Fwp%2Fv2%2Ftags&post=7419"}],"curies":[{"name":"wp","href":"https:\/\/api.w.org\/{rel}","templated":true}]}}