{"id":7440,"date":"2020-07-06T22:50:38","date_gmt":"2020-07-06T20:50:38","guid":{"rendered":"http:\/\/www.radclub-inzing.at\/?p=7440"},"modified":"2020-07-06T22:50:38","modified_gmt":"2020-07-06T20:50:38","slug":"doppelsieg-fur-grieser-sisters","status":"publish","type":"post","link":"https:\/\/rad.asvi.at\/?p=7440","title":{"rendered":"Doppelsieg f\u00fcr Grie\u00dfer-Geschwister!"},"content":{"rendered":"<p>Am <strong>28. Juni<\/strong> fand in<strong> Feistritz (K)<\/strong> ein Zeitfahren \u00fcber 14km (Junioren) statt. Die Strecke ging zun\u00e4chst \u00fcber mehrere Kilometer so &#8222;geschmiert&#8220; dahin &#8211; erst zum Schluss (2km) ging es ordentlich bergauf &#8211; insgesamt waren\u00a0 ca. 450 Hm zu bew\u00e4ltigen. Das kam<em><strong> Lukas Grie\u00dfer<\/strong><\/em> (Jun\/ \u00d6AMTC RAIKA BKD ASV INZING) sehr entgegen und er konnte seinen ersten <strong>Sieg<\/strong> bei den Junioren einfahren! BRAVO!<\/p>\n<p>Auch bei den M\u00e4dchen U14 war eine &#8222;Grie\u00dferin&#8220; die Schnellste &#8211; <em><strong>Ramona<\/strong><\/em> lie\u00df auf der 7 km langen st\u00e4tig ansteigenden Strecke ihrer sch\u00e4rfsten Konkurrentin Sophie Walcher nicht den Funken einer Chance und <strong>gewann<\/strong> mit \u00fcber 42 sec. Vorsprung!<\/p>\n<p>Der Dritte im Bunde der Inzinger Nachwuchsfahrer war der aus Kematen stammende U15-Fahrer <em><strong>Felix R\u00fctzler<\/strong><\/em>. Er hatte 10km und \u00fcber 250 Hm zu bew\u00e4ltigen. Da er bei der ersten Welle ganz am Anfang etwas &#8222;\u00fcberpowerte&#8220; schaute &#8222;nur&#8220; der <strong>8.<\/strong> Platz heraus &#8211; was Angesichts des stark besetzten U15-Feldes (27 Starter) eine sehr gute Platzierung war.<\/p>\n<p>&nbsp;<\/p>\n","protected":false},"excerpt":{"rendered":"<p>Am 28. Juni fand in Feistritz (K) ein Zeitfahren \u00fcber 14km (Junioren) statt. Die Strecke ging zun\u00e4chst \u00fcber mehrere Kilometer so &#8222;geschmiert&#8220; dahin &#8211; erst zum Schluss (2km) ging es ordentlich bergauf &#8211; insgesamt waren\u00a0 ca. 450 Hm zu bew\u00e4ltigen. Das kam Lukas Grie\u00dfer (Jun\/ \u00d6AMTC RAIKA BKD ASV INZING) sehr entgegen und er konnte&hellip;&nbsp;<a href=\"https:\/\/rad.asvi.at\/?p=7440\" class=\"\" rel=\"bookmark\">Weiterlesen &raquo;<span class=\"screen-reader-text\">Doppelsieg f\u00fcr Grie\u00dfer-Geschwister!<\/span><\/a><\/p>\n","protected":false},"author":2,"featured_media":7447,"comment_status":"open","ping_status":"closed","sticky":false,"template":"","format":"standard","meta":{"neve_meta_sidebar":"","neve_meta_container":"","neve_meta_enable_content_width":"","neve_meta_content_width":0,"neve_meta_title_alignment":"","neve_meta_author_avatar":"","neve_post_elements_order":"","neve_meta_disable_header":"","neve_meta_disable_footer":"","neve_meta_disable_title":"","footnotes":""},"categories":[9,11],"tags":[],"class_list":["post-7440","post","type-post","status-publish","format-standard","has-post-thumbnail","hentry","category-allgemein","category-rennsport"],"featured_image_urls":{"full":"","thumbnail":"","medium":"","medium_large":"","large":"","xl":"","xxl":"","xxxl":"","xxxxl":"","xxxxxl":"","1536x1536":"","2048x2048":"","neve-blog":""},"post_excerpt_stackable":"<p>Am 28. Juni fand in Feistritz (K) ein Zeitfahren \u00fcber 14km (Junioren) statt. Die Strecke ging zun\u00e4chst \u00fcber mehrere Kilometer so &#8222;geschmiert&#8220; dahin &#8211; erst zum Schluss (2km) ging es ordentlich bergauf &#8211; insgesamt waren\u00a0 ca. 450 Hm zu bew\u00e4ltigen. Das kam Lukas Grie\u00dfer (Jun\/ \u00d6AMTC RAIKA BKD ASV INZING) sehr entgegen und er konnte seinen ersten Sieg bei den Junioren einfahren! BRAVO! Auch bei den M\u00e4dchen U14 war eine &#8222;Grie\u00dferin&#8220; die Schnellste &#8211; Ramona lie\u00df auf der 7 km langen st\u00e4tig ansteigenden Strecke ihrer sch\u00e4rfsten Konkurrentin Sophie Walcher nicht den Funken einer Chance und gewann mit \u00fcber 42 sec.&hellip;<\/p>\n","category_list":"<a href=\"https:\/\/rad.asvi.at\/?cat=9\" rel=\"category\">Allgemein<\/a>, <a href=\"https:\/\/rad.asvi.at\/?cat=11\" rel=\"category\">Rennsport<\/a>","author_info":{"name":"Roman","url":"https:\/\/rad.asvi.at\/?author=2"},"comments_num":"0 comments","_links":{"self":[{"href":"https:\/\/rad.asvi.at\/index.php?rest_route=\/wp\/v2\/posts\/7440","targetHints":{"allow":["GET"]}}],"collection":[{"href":"https:\/\/rad.asvi.at\/index.php?rest_route=\/wp\/v2\/posts"}],"about":[{"href":"https:\/\/rad.asvi.at\/index.php?rest_route=\/wp\/v2\/types\/post"}],"author":[{"embeddable":true,"href":"https:\/\/rad.asvi.at\/index.php?rest_route=\/wp\/v2\/users\/2"}],"replies":[{"embeddable":true,"href":"https:\/\/rad.asvi.at\/index.php?rest_route=%2Fwp%2Fv2%2Fcomments&post=7440"}],"version-history":[{"count":0,"href":"https:\/\/rad.asvi.at\/index.php?rest_route=\/wp\/v2\/posts\/7440\/revisions"}],"wp:featuredmedia":[{"embeddable":true,"href":"https:\/\/rad.asvi.at\/index.php?rest_route=\/"}],"wp:attachment":[{"href":"https:\/\/rad.asvi.at\/index.php?rest_route=%2Fwp%2Fv2%2Fmedia&parent=7440"}],"wp:term":[{"taxonomy":"category","embeddable":true,"href":"https:\/\/rad.asvi.at\/index.php?rest_route=%2Fwp%2Fv2%2Fcategories&post=7440"},{"taxonomy":"post_tag","embeddable":true,"href":"https:\/\/rad.asvi.at\/index.php?rest_route=%2Fwp%2Fv2%2Ftags&post=7440"}],"curies":[{"name":"wp","href":"https:\/\/api.w.org\/{rel}","templated":true}]}}