{"id":7455,"date":"2020-08-10T14:14:24","date_gmt":"2020-08-10T12:14:24","guid":{"rendered":"http:\/\/www.radclub-inzing.at\/?p=7455"},"modified":"2020-08-10T14:14:24","modified_gmt":"2020-08-10T12:14:24","slug":"gleich-3-podestplatze-fur-inzings-roadracer-an-diesem-we","status":"publish","type":"post","link":"https:\/\/rad.asvi.at\/?p=7455","title":{"rendered":"Gleich 3 Podestpl\u00e4tze f\u00fcr Inzings Roadracer an diesem WE!"},"content":{"rendered":"<p><strong>7.GP Fliegerhorst \u2013 bei Markersdorf\/N\u00d6 8.8.2020 und Bergrennen Hochkar\/9.8.2020<\/strong><\/p>\n<p>Am gestrigen Sa fand endlich wieder ein Rennen mit Massenstart f\u00fcr den \u00d6sterreichischen Radnachwuchs statt! In Markersdorf\/N\u00d6 wurde bereits zum 7.Mal der GP Fliegerhorst in Form eines Kriterium ausgetragen. Mit von der Partie nat\u00fcrlich der Nachwuchs des \u00d6AMTC RAIKA BKD ASV Inzing. Bei den Junioren wurde Lukas Grie\u00dfer 10. Er konnte in den vielen Punktewertungen leider keine Punkte einfahren. Seine Schwester Ramona (U14) hingegen punktete flei\u00dfig und musste sich am Ende nur hauchd\u00fcnn Sopie Walcher geschlagen geben \u2013 aber auch ein 2. Platz war f\u00fcr Ramona an diesem Tag in Ordnung! Sensationell schlug sich aber an diesem Tag Felix R\u00fctzler (U15). Im stark besetzen Feld punktete er eigentlich bei jeder Wertung und kam so v\u00f6llig \u00fcberraschend auf den 3. Platz!<\/p>\n<p>F\u00fcr die Junioren ging es gleich am n\u00e4chsten Tag weiter zu einem Bergzeitfahren auf das Hochkar. Das war dann schon eher nach dem Geschmack von Lukas Grie\u00dfer der bei dem schweren Rennen (8,5km\/10% Schnittsteigung!) mit einem 3. Platz\u00a0 ebenfalls auf das Podest fuhr!<\/p>\n<p>3 Podestpl\u00e4tze sind eine tolle Ausbeute f\u00fcr Inzings Radasse!<\/p>\n<p>&nbsp;<\/p>\n","protected":false},"excerpt":{"rendered":"<p>7.GP Fliegerhorst \u2013 bei Markersdorf\/N\u00d6 8.8.2020 und Bergrennen Hochkar\/9.8.2020 Am gestrigen Sa fand endlich wieder ein Rennen mit Massenstart f\u00fcr den \u00d6sterreichischen Radnachwuchs statt! In Markersdorf\/N\u00d6 wurde bereits zum 7.Mal der GP Fliegerhorst in Form eines Kriterium ausgetragen. Mit von der Partie nat\u00fcrlich der Nachwuchs des \u00d6AMTC RAIKA BKD ASV Inzing. Bei den Junioren wurde&hellip;&nbsp;<a href=\"https:\/\/rad.asvi.at\/?p=7455\" class=\"\" rel=\"bookmark\">Weiterlesen &raquo;<span class=\"screen-reader-text\">Gleich 3 Podestpl\u00e4tze f\u00fcr Inzings Roadracer an diesem WE!<\/span><\/a><\/p>\n","protected":false},"author":2,"featured_media":7460,"comment_status":"open","ping_status":"closed","sticky":false,"template":"","format":"standard","meta":{"neve_meta_sidebar":"","neve_meta_container":"","neve_meta_enable_content_width":"","neve_meta_content_width":0,"neve_meta_title_alignment":"","neve_meta_author_avatar":"","neve_post_elements_order":"","neve_meta_disable_header":"","neve_meta_disable_footer":"","neve_meta_disable_title":"","footnotes":""},"categories":[9,11],"tags":[],"class_list":["post-7455","post","type-post","status-publish","format-standard","has-post-thumbnail","hentry","category-allgemein","category-rennsport"],"featured_image_urls":{"full":"","thumbnail":"","medium":"","medium_large":"","large":"","xl":"","xxl":"","xxxl":"","xxxxl":"","xxxxxl":"","1536x1536":"","2048x2048":"","neve-blog":""},"post_excerpt_stackable":"<p>7.GP Fliegerhorst \u2013 bei Markersdorf\/N\u00d6 8.8.2020 und Bergrennen Hochkar\/9.8.2020 Am gestrigen Sa fand endlich wieder ein Rennen mit Massenstart f\u00fcr den \u00d6sterreichischen Radnachwuchs statt! In Markersdorf\/N\u00d6 wurde bereits zum 7.Mal der GP Fliegerhorst in Form eines Kriterium ausgetragen. Mit von der Partie nat\u00fcrlich der Nachwuchs des \u00d6AMTC RAIKA BKD ASV Inzing. Bei den Junioren wurde Lukas Grie\u00dfer 10. Er konnte in den vielen Punktewertungen leider keine Punkte einfahren. Seine Schwester Ramona (U14) hingegen punktete flei\u00dfig und musste sich am Ende nur hauchd\u00fcnn Sopie Walcher geschlagen geben \u2013 aber auch ein 2. Platz war f\u00fcr Ramona an diesem Tag in Ordnung!&hellip;<\/p>\n","category_list":"<a href=\"https:\/\/rad.asvi.at\/?cat=9\" rel=\"category\">Allgemein<\/a>, <a href=\"https:\/\/rad.asvi.at\/?cat=11\" rel=\"category\">Rennsport<\/a>","author_info":{"name":"Roman","url":"https:\/\/rad.asvi.at\/?author=2"},"comments_num":"0 comments","_links":{"self":[{"href":"https:\/\/rad.asvi.at\/index.php?rest_route=\/wp\/v2\/posts\/7455","targetHints":{"allow":["GET"]}}],"collection":[{"href":"https:\/\/rad.asvi.at\/index.php?rest_route=\/wp\/v2\/posts"}],"about":[{"href":"https:\/\/rad.asvi.at\/index.php?rest_route=\/wp\/v2\/types\/post"}],"author":[{"embeddable":true,"href":"https:\/\/rad.asvi.at\/index.php?rest_route=\/wp\/v2\/users\/2"}],"replies":[{"embeddable":true,"href":"https:\/\/rad.asvi.at\/index.php?rest_route=%2Fwp%2Fv2%2Fcomments&post=7455"}],"version-history":[{"count":0,"href":"https:\/\/rad.asvi.at\/index.php?rest_route=\/wp\/v2\/posts\/7455\/revisions"}],"wp:featuredmedia":[{"embeddable":true,"href":"https:\/\/rad.asvi.at\/index.php?rest_route=\/"}],"wp:attachment":[{"href":"https:\/\/rad.asvi.at\/index.php?rest_route=%2Fwp%2Fv2%2Fmedia&parent=7455"}],"wp:term":[{"taxonomy":"category","embeddable":true,"href":"https:\/\/rad.asvi.at\/index.php?rest_route=%2Fwp%2Fv2%2Fcategories&post=7455"},{"taxonomy":"post_tag","embeddable":true,"href":"https:\/\/rad.asvi.at\/index.php?rest_route=%2Fwp%2Fv2%2Ftags&post=7455"}],"curies":[{"name":"wp","href":"https:\/\/api.w.org\/{rel}","templated":true}]}}