{"id":7471,"date":"2020-08-17T10:54:48","date_gmt":"2020-08-17T08:54:48","guid":{"rendered":"http:\/\/www.radclub-inzing.at\/?p=7471"},"modified":"2020-08-17T10:54:48","modified_gmt":"2020-08-17T08:54:48","slug":"ramona-grieser-holt-die-goldmedaille-bei-den-om-im-einzelzeitfahren","status":"publish","type":"post","link":"https:\/\/rad.asvi.at\/?p=7471","title":{"rendered":"Ramona Grie\u00dfer holt die Goldmedaille bei den \u00d6M im Einzelzeitfahren!"},"content":{"rendered":"<p><strong>Gro\u00dfhartmannsdorf\/Stm<\/strong><\/p>\n<p>Am heutigen Samstag den 15.August 2020 fand im steirischen Gro\u00dfhartmannsdorf (s\u00fcd\u00f6stlich von Graz) die diesj\u00e4hrige \u00d6M im Kampf gegen die Uhr statt. Eigentlich in normalen Wettkampfjahren eine eher selten durchgef\u00fchrte Disziplin \u2013 heuer im Coronajahr allerdings bis August die einzig m\u00f6gliche Wettkampfvariante auf der Stra\u00dfe! Dementsprechend waren die meisten Teilnehmer sehr gut auf diese Disziplin vorbereitet und motoviert.<\/p>\n<p>Auch der <strong>\u00d6AMTC RAIKA BKD ASV INZING<\/strong> ging mit relativ hohen Erwartungen in diese Meisterschaft.<\/p>\n<p><em><strong>Ramona Grie\u00dfer (Md U14)<\/strong><\/em> wurde dabei ihrer Favoritenrolle voll gerecht und siegte wie schon in fast allen bisherigen Rennen in diesem Jahr in \u00fcberlegener Manier. Sie distanzierte dabei die Zweitplatzierte Sophie Walcher auf den anspruchsvollen 8km um mehr als 17 Sekunden.<\/p>\n<p>Auch <em><strong>Felix R\u00fctzler<\/strong><\/em> fuhr ein hervorragendes Rennen \u2013 er belegte beim starken Feld der<em><strong> U 15<\/strong><\/em> mit lediglich 22 sec. R\u00fcckstand auf den Sieger, den ausgezeichneten 7. Platz.<\/p>\n<p><em><strong>Lukas Grie\u00dfer (Junioren)<\/strong><\/em>, der heuer als erstj\u00e4hriger Junior bereits ein Zeitfahren gewinnen konnte, war mit seinem 12. Platz nicht ganz gl\u00fccklich.<\/p>\n<p>Bereits am Mi geht es f\u00fcr die Inzinger Rennfahrer weiter nach Ober\u00f6sterreich, wo die \u00d6M Kriterium stattfindet.<\/p>\n","protected":false},"excerpt":{"rendered":"<p>Gro\u00dfhartmannsdorf\/Stm Am heutigen Samstag den 15.August 2020 fand im steirischen Gro\u00dfhartmannsdorf (s\u00fcd\u00f6stlich von Graz) die diesj\u00e4hrige \u00d6M im Kampf gegen die Uhr statt. Eigentlich in normalen Wettkampfjahren eine eher selten durchgef\u00fchrte Disziplin \u2013 heuer im Coronajahr allerdings bis August die einzig m\u00f6gliche Wettkampfvariante auf der Stra\u00dfe! Dementsprechend waren die meisten Teilnehmer sehr gut auf diese&hellip;&nbsp;<a href=\"https:\/\/rad.asvi.at\/?p=7471\" class=\"\" rel=\"bookmark\">Weiterlesen &raquo;<span class=\"screen-reader-text\">Ramona Grie\u00dfer holt die Goldmedaille bei den \u00d6M im Einzelzeitfahren!<\/span><\/a><\/p>\n","protected":false},"author":2,"featured_media":7485,"comment_status":"open","ping_status":"closed","sticky":false,"template":"","format":"standard","meta":{"neve_meta_sidebar":"","neve_meta_container":"","neve_meta_enable_content_width":"","neve_meta_content_width":0,"neve_meta_title_alignment":"","neve_meta_author_avatar":"","neve_post_elements_order":"","neve_meta_disable_header":"","neve_meta_disable_footer":"","neve_meta_disable_title":"","footnotes":""},"categories":[9,11],"tags":[],"class_list":["post-7471","post","type-post","status-publish","format-standard","has-post-thumbnail","hentry","category-allgemein","category-rennsport"],"featured_image_urls":{"full":"","thumbnail":"","medium":"","medium_large":"","large":"","xl":"","xxl":"","xxxl":"","xxxxl":"","xxxxxl":"","1536x1536":"","2048x2048":"","neve-blog":""},"post_excerpt_stackable":"<p>Gro\u00dfhartmannsdorf\/Stm Am heutigen Samstag den 15.August 2020 fand im steirischen Gro\u00dfhartmannsdorf (s\u00fcd\u00f6stlich von Graz) die diesj\u00e4hrige \u00d6M im Kampf gegen die Uhr statt. Eigentlich in normalen Wettkampfjahren eine eher selten durchgef\u00fchrte Disziplin \u2013 heuer im Coronajahr allerdings bis August die einzig m\u00f6gliche Wettkampfvariante auf der Stra\u00dfe! Dementsprechend waren die meisten Teilnehmer sehr gut auf diese Disziplin vorbereitet und motoviert. Auch der \u00d6AMTC RAIKA BKD ASV INZING ging mit relativ hohen Erwartungen in diese Meisterschaft. Ramona Grie\u00dfer (Md U14) wurde dabei ihrer Favoritenrolle voll gerecht und siegte wie schon in fast allen bisherigen Rennen in diesem Jahr in \u00fcberlegener Manier. Sie&hellip;<\/p>\n","category_list":"<a href=\"https:\/\/rad.asvi.at\/?cat=9\" rel=\"category\">Allgemein<\/a>, <a href=\"https:\/\/rad.asvi.at\/?cat=11\" rel=\"category\">Rennsport<\/a>","author_info":{"name":"Roman","url":"https:\/\/rad.asvi.at\/?author=2"},"comments_num":"0 comments","_links":{"self":[{"href":"https:\/\/rad.asvi.at\/index.php?rest_route=\/wp\/v2\/posts\/7471","targetHints":{"allow":["GET"]}}],"collection":[{"href":"https:\/\/rad.asvi.at\/index.php?rest_route=\/wp\/v2\/posts"}],"about":[{"href":"https:\/\/rad.asvi.at\/index.php?rest_route=\/wp\/v2\/types\/post"}],"author":[{"embeddable":true,"href":"https:\/\/rad.asvi.at\/index.php?rest_route=\/wp\/v2\/users\/2"}],"replies":[{"embeddable":true,"href":"https:\/\/rad.asvi.at\/index.php?rest_route=%2Fwp%2Fv2%2Fcomments&post=7471"}],"version-history":[{"count":0,"href":"https:\/\/rad.asvi.at\/index.php?rest_route=\/wp\/v2\/posts\/7471\/revisions"}],"wp:featuredmedia":[{"embeddable":true,"href":"https:\/\/rad.asvi.at\/index.php?rest_route=\/"}],"wp:attachment":[{"href":"https:\/\/rad.asvi.at\/index.php?rest_route=%2Fwp%2Fv2%2Fmedia&parent=7471"}],"wp:term":[{"taxonomy":"category","embeddable":true,"href":"https:\/\/rad.asvi.at\/index.php?rest_route=%2Fwp%2Fv2%2Fcategories&post=7471"},{"taxonomy":"post_tag","embeddable":true,"href":"https:\/\/rad.asvi.at\/index.php?rest_route=%2Fwp%2Fv2%2Ftags&post=7471"}],"curies":[{"name":"wp","href":"https:\/\/api.w.org\/{rel}","templated":true}]}}