{"id":7488,"date":"2020-08-20T15:27:01","date_gmt":"2020-08-20T13:27:01","guid":{"rendered":"http:\/\/www.radclub-inzing.at\/?p=7488"},"modified":"2020-08-20T15:27:01","modified_gmt":"2020-08-20T13:27:01","slug":"ramona-grieser-siegt-auch-bei-der-om-kriterium","status":"publish","type":"post","link":"https:\/\/rad.asvi.at\/?p=7488","title":{"rendered":"Ramona Grie\u00dfer siegt auch bei der \u00d6M-Kriterium!"},"content":{"rendered":"<p><strong>Marchtrenk\/O\u00d6<\/strong><\/p>\n<p>Mitten unter der Woche fand am Abend auf der \u00d6AMTC-Teststrecke in Marchtrenk (O\u00d6) die diesj\u00e4hrige \u00d6M im Kriterium statt. Ein ideales Gel\u00e4nde zur Durchf\u00fchrung solcher Rennen und v.a. f\u00fcr den Veranstalter viel leichter und sicherer zu organisieren. S\u00e4mtliche Rennen fanden n\u00e4mlich nach Betriebsschluss des Testgel\u00e4ndes statt.<\/p>\n<p>Unser Verein <strong>\u00d6AMTC RAIKA BKD ASV INZING<\/strong> war wieder mit denselben 3 Fahrern am Start wie schon letztes WE beim Zeitfahren. Nat\u00fcrlich war man wieder v.a. bei <em><strong>Ramona Grie\u00dfer<\/strong> <\/em>mit relativ gro\u00dfen Erwartungen ins Rennen gegangen. Ramona selbst wollte sich ebenfalls beweisen, dass sie auch im Kriterium gewinnen kann. Dabei lief es zu Beginn so gar nicht nach ihren Vorstellungen, da sie bei der Startaufstellung hinter s\u00e4mtlichen Buben platziert wurde. Tats\u00e4chlich stellte sich gleich heraus, dass das eventuell schon ein entscheidender Nachteil sein k\u00f6nnte. Die M\u00e4dchen U14 hatten 8 Runden zu bew\u00e4ltigen und in jeder 2. Runde gab es einen Wertungssprint. Punkten k\u00f6nnen jeweils nur die 4 erstplatzierten Fahrer. Ramona musste sich in den ersten beiden Runden zun\u00e4chst weit genug nach vorne k\u00e4mpfen, was auf der kurvenreichen Strecke gar nicht so einfach gelang. Tats\u00e4chlich ging sie deshalb beim ersten Wertungssprint \u201eleer\u201c aus. Ihre sch\u00e4rfste Konkurrentin Sophie Walcher hingegen sprintete gleich auf den 2. Platz. Bei der 2. Wertung holte Ramona 3 Punkte und Sophie 2. Da bei der 3. Wertung beide leer ausgingen, war klar, dass ein Sieg nur mehr \u00fcber die letzte Wertung m\u00f6glich sein kann, da es dann doppelte Punkte gibt und bei Punktegleichstand der Zieleinlauf entscheidet. Ramona setzte daher alles auf eine Karte und schonte sich in der letzten Runde, um im Zielsprint gen\u00fcgend K\u00f6rner zu haben. Die Rechnung ging auf, Ramona sprintete auf den 3. und Sophie Walcher auf den 4. Platz. Damit hatten beide insgesamt 7 Punkte gesammelt, aber der Zieleinlauf entschied \u00fcber Gold und Silber! Ramona war \u00fcbergl\u00fccklich, dass sie nun endlich auch bei einem Kriterium<strong> \u00d6M-Gold<\/strong> gewinnen konnte.<\/p>\n<p>Bei den Buben lief es nicht ganz so gut wie bei den M\u00e4dchen \u2013 <em><strong>Felix R\u00fctzler (U15)<\/strong> <\/em>musste 12 Runden bew\u00e4ltigen und hatte jede 3. Runde einen Wertungssprint. Leider waren dieses mal seine Beine nicht so spritzig wie noch vor 2 Wochen, wo Felix ja \u00fcberraschend auf das Stockerl fuhr und bei jeder Wertung punkten konnte. Nachdem er gleich bei den ersten 2 Wertungen \u201eleer\u201c ausging, versuchte er es mit einer Soloflucht nach vorne, um sich auf diese Weise die 3. Wertung zu sichern. Beinahe w\u00e4re dies auch aufgegangen \u2013 erst bei der Zielkurve 100m vor dem Ziel kam das Feld wieder heran und Felix ging knapp wieder leer aus. Danach war er nat\u00fcrlich \u201eplatt\u201c und so beendete er das Rennen auf dem 11. Platz. Aufgrund eines schweren Sturzes eines Fahrers wurde \u00fcbrigens das Rennen der U15 \u00fcber eine Stunde unterbrochen.<\/p>\n<p>Auch<em><strong> Lukas Grie\u00dfer (Jun)<\/strong><\/em> war mit seinem Rennen alles andere als zufrieden. Bei den Junioren ging es von Beginn an mit Vollgas zur Sache. Sie hatten 24 Runden mit 8 Wertungen zu bew\u00e4ltigen. Sehr bald konnte sich bei diesem Rennen die \u201eSpreu vom Weizen trennen\u201c und es bildeten sich 3-4 Gruppen. Die Spitzengruppe mit 5 Fahrern holte sich ab der H\u00e4lfte des Rennens s\u00e4mtliche Wertungen \u2013 Stanger Kitzb\u00fchel kontrollierte f\u00fcr Paul Buschek souver\u00e4n das Rennen, sodass nicht einmal der b\u00e4renstarke Tiroler Marco Schrettl daran was \u00e4ndern konnte. Obwohl dieser den letzten Wertungssprint gewann hatte er am Ende 2 Punkte weniger als Buschek. Lukas Grie\u00dfer beendete das Rennen als 15. Er fand, dass es trotz \u2013 oder gerade wegen der grenzwertigen Sicht, ein geiles Rennen war. Das Rennen der Junioren hatte sich ja wegen der langen Unterbrechung um eine Stunde verschoben und es war dunkel geworden \u2013 die k\u00fcnstliche Beleuchtung der Strecke eher mangelhaft.<\/p>\n","protected":false},"excerpt":{"rendered":"<p>Marchtrenk\/O\u00d6 Mitten unter der Woche fand am Abend auf der \u00d6AMTC-Teststrecke in Marchtrenk (O\u00d6) die diesj\u00e4hrige \u00d6M im Kriterium statt. Ein ideales Gel\u00e4nde zur Durchf\u00fchrung solcher Rennen und v.a. f\u00fcr den Veranstalter viel leichter und sicherer zu organisieren. S\u00e4mtliche Rennen fanden n\u00e4mlich nach Betriebsschluss des Testgel\u00e4ndes statt. Unser Verein \u00d6AMTC RAIKA BKD ASV INZING war&hellip;&nbsp;<a href=\"https:\/\/rad.asvi.at\/?p=7488\" class=\"\" rel=\"bookmark\">Weiterlesen &raquo;<span class=\"screen-reader-text\">Ramona Grie\u00dfer siegt auch bei der \u00d6M-Kriterium!<\/span><\/a><\/p>\n","protected":false},"author":2,"featured_media":7491,"comment_status":"open","ping_status":"closed","sticky":false,"template":"","format":"standard","meta":{"neve_meta_sidebar":"","neve_meta_container":"","neve_meta_enable_content_width":"","neve_meta_content_width":0,"neve_meta_title_alignment":"","neve_meta_author_avatar":"","neve_post_elements_order":"","neve_meta_disable_header":"","neve_meta_disable_footer":"","neve_meta_disable_title":"","footnotes":""},"categories":[9,11],"tags":[],"class_list":["post-7488","post","type-post","status-publish","format-standard","has-post-thumbnail","hentry","category-allgemein","category-rennsport"],"featured_image_urls":{"full":"","thumbnail":"","medium":"","medium_large":"","large":"","xl":"","xxl":"","xxxl":"","xxxxl":"","xxxxxl":"","1536x1536":"","2048x2048":"","neve-blog":""},"post_excerpt_stackable":"<p>Marchtrenk\/O\u00d6 Mitten unter der Woche fand am Abend auf der \u00d6AMTC-Teststrecke in Marchtrenk (O\u00d6) die diesj\u00e4hrige \u00d6M im Kriterium statt. Ein ideales Gel\u00e4nde zur Durchf\u00fchrung solcher Rennen und v.a. f\u00fcr den Veranstalter viel leichter und sicherer zu organisieren. S\u00e4mtliche Rennen fanden n\u00e4mlich nach Betriebsschluss des Testgel\u00e4ndes statt. Unser Verein \u00d6AMTC RAIKA BKD ASV INZING war wieder mit denselben 3 Fahrern am Start wie schon letztes WE beim Zeitfahren. Nat\u00fcrlich war man wieder v.a. bei Ramona Grie\u00dfer mit relativ gro\u00dfen Erwartungen ins Rennen gegangen. Ramona selbst wollte sich ebenfalls beweisen, dass sie auch im Kriterium gewinnen kann. Dabei lief es zu&hellip;<\/p>\n","category_list":"<a href=\"https:\/\/rad.asvi.at\/?cat=9\" rel=\"category\">Allgemein<\/a>, <a href=\"https:\/\/rad.asvi.at\/?cat=11\" rel=\"category\">Rennsport<\/a>","author_info":{"name":"Roman","url":"https:\/\/rad.asvi.at\/?author=2"},"comments_num":"0 comments","_links":{"self":[{"href":"https:\/\/rad.asvi.at\/index.php?rest_route=\/wp\/v2\/posts\/7488","targetHints":{"allow":["GET"]}}],"collection":[{"href":"https:\/\/rad.asvi.at\/index.php?rest_route=\/wp\/v2\/posts"}],"about":[{"href":"https:\/\/rad.asvi.at\/index.php?rest_route=\/wp\/v2\/types\/post"}],"author":[{"embeddable":true,"href":"https:\/\/rad.asvi.at\/index.php?rest_route=\/wp\/v2\/users\/2"}],"replies":[{"embeddable":true,"href":"https:\/\/rad.asvi.at\/index.php?rest_route=%2Fwp%2Fv2%2Fcomments&post=7488"}],"version-history":[{"count":0,"href":"https:\/\/rad.asvi.at\/index.php?rest_route=\/wp\/v2\/posts\/7488\/revisions"}],"wp:featuredmedia":[{"embeddable":true,"href":"https:\/\/rad.asvi.at\/index.php?rest_route=\/"}],"wp:attachment":[{"href":"https:\/\/rad.asvi.at\/index.php?rest_route=%2Fwp%2Fv2%2Fmedia&parent=7488"}],"wp:term":[{"taxonomy":"category","embeddable":true,"href":"https:\/\/rad.asvi.at\/index.php?rest_route=%2Fwp%2Fv2%2Fcategories&post=7488"},{"taxonomy":"post_tag","embeddable":true,"href":"https:\/\/rad.asvi.at\/index.php?rest_route=%2Fwp%2Fv2%2Ftags&post=7488"}],"curies":[{"name":"wp","href":"https:\/\/api.w.org\/{rel}","templated":true}]}}