{"id":7501,"date":"2020-08-25T22:19:07","date_gmt":"2020-08-25T20:19:07","guid":{"rendered":"http:\/\/www.radclub-inzing.at\/?p=7501"},"modified":"2020-08-25T22:19:07","modified_gmt":"2020-08-25T20:19:07","slug":"inzings-radasse-fahren-auch-in-karnten-ganz-vorne-mit","status":"publish","type":"post","link":"https:\/\/rad.asvi.at\/?p=7501","title":{"rendered":"Inzings Radasse fahren auch in K\u00e4rnten ganz vorne mit!"},"content":{"rendered":"<p><strong><span style=\"text-decoration: underline;\">Villach \u2013 21.-23.08.2020<\/span><\/strong><\/p>\n<p>Am Freitag und Samstag fanden auf der Rollerstrecke in der Alpen Arena in Villach ein Kriterium und ein Rundstreckenrennen statt.<\/p>\n<p>Am Freitag hatten die U14 M\u00e4dchen 12x eine 700m Runde zu fahren und jede dritte Runde war eine Sprintwertung.<\/p>\n<p>Ramona Grie\u00dfer konnte sich gleich in der ersten Wertung zwei Punkte sichern. Nach der ersten Wertung war sie dann in der sechsk\u00f6pfigen Spitzengruppe mit von der Partie. In der zweiten Wertung ging sie leer aus und in der dritten holte sie sich noch einen weiteren Punkt. Sophie Walcher hatte zu diesem Zeitpunkt einen Punkt Vorsprung, also hing wieder alles vom Zielsprint ab. Ramona hatte sogar zun\u00e4chst ein kleines Loch herausgefahren, doch in der Spitzkehre vor dem Ziel musste sie einen Fahrer \u00fcberrunden, der aber nicht Platz machte und so musste sie sich im Sprint mit dem 2. Platz zufrieden geben.<\/p>\n<p>Felix R\u00fctzler (U15) hatte aufgrund des riesigen Starterfeldes (44) gleich zu Beginn den Nachteil, dass dieses alphabetisch aufgestellt wurde und er deshalb in der letzten Startreihe stand, weshalb er es auch nicht in die Spitzengruppe schaffte, die sich bereits am Anfang bildete. Felix belegte aber trotzdem den beachtlichen 7. Platz, indem er alleine aus dem Hauptfeld die Flucht nach vorne antrat.<\/p>\n<p>Am Sonntag mussten bei den M\u00e4dchen U14 und bei den Buben U15 jeweils 7 Runden auf einem 2km langen Kurs gefahren werden. Dieser h\u00fcgelige, anspruchsvollere Kurs lag den Inzingern schon besser. In den ersten zwei Runden konnte sich Ramona Grie\u00dfer gemeinsam mit einem slowenischen Fahrer beinahe absetzten, wurde jedoch wieder eingeholt. Im Laufe des Rennens bildete sich dann eine f\u00fcnfk\u00f6pfige Spitzengruppe, wo Ramona das einzige M\u00e4dchen war. Zwei Runden vor Schluss konnte sie bei den Attacken der Burschen nicht mehr mithalten, kam aber dann alleine mit 1:15 Minuten Vorsprung auf Sophie Walcher ins Ziel.<\/p>\n<p>Auch Felix R\u00fctzler schaffte es in eine 10-k\u00f6pfige Spitzengruppe und wurde am Ende 6.! Lukas Grie\u00dfer (Jun) der 15 Runden zu bew\u00e4ltigen hatte, kam auf den 13. Platz.<\/p>\n<p>Am Sonntag war f\u00fcr Lukas dann noch die \u00d6sterreichische Meisterschaft am Berg. Es ging von Afritz hinauf auf den Tauchenberg. 5km und 600Hm galt es dabei zu bew\u00e4ltigen. Lukas konnte zwar bis zur H\u00e4lfte des Rennens mit der Spitze mithalten, musste dann aber \u201ereissen\u201c lassen und belegte den 7. Platz.<\/p>\n<p>&nbsp;<\/p>\n","protected":false},"excerpt":{"rendered":"<p>Villach \u2013 21.-23.08.2020 Am Freitag und Samstag fanden auf der Rollerstrecke in der Alpen Arena in Villach ein Kriterium und ein Rundstreckenrennen statt. Am Freitag hatten die U14 M\u00e4dchen 12x eine 700m Runde zu fahren und jede dritte Runde war eine Sprintwertung. Ramona Grie\u00dfer konnte sich gleich in der ersten Wertung zwei Punkte sichern. Nach&hellip;&nbsp;<a href=\"https:\/\/rad.asvi.at\/?p=7501\" class=\"\" rel=\"bookmark\">Weiterlesen &raquo;<span class=\"screen-reader-text\">Inzings Radasse fahren auch in K\u00e4rnten ganz vorne mit!<\/span><\/a><\/p>\n","protected":false},"author":2,"featured_media":7518,"comment_status":"open","ping_status":"closed","sticky":false,"template":"","format":"standard","meta":{"neve_meta_sidebar":"","neve_meta_container":"","neve_meta_enable_content_width":"","neve_meta_content_width":0,"neve_meta_title_alignment":"","neve_meta_author_avatar":"","neve_post_elements_order":"","neve_meta_disable_header":"","neve_meta_disable_footer":"","neve_meta_disable_title":"","footnotes":""},"categories":[9,11],"tags":[],"class_list":["post-7501","post","type-post","status-publish","format-standard","has-post-thumbnail","hentry","category-allgemein","category-rennsport"],"featured_image_urls":{"full":"","thumbnail":"","medium":"","medium_large":"","large":"","xl":"","xxl":"","xxxl":"","xxxxl":"","xxxxxl":"","1536x1536":"","2048x2048":"","neve-blog":""},"post_excerpt_stackable":"<p>Villach \u2013 21.-23.08.2020 Am Freitag und Samstag fanden auf der Rollerstrecke in der Alpen Arena in Villach ein Kriterium und ein Rundstreckenrennen statt. Am Freitag hatten die U14 M\u00e4dchen 12x eine 700m Runde zu fahren und jede dritte Runde war eine Sprintwertung. Ramona Grie\u00dfer konnte sich gleich in der ersten Wertung zwei Punkte sichern. Nach der ersten Wertung war sie dann in der sechsk\u00f6pfigen Spitzengruppe mit von der Partie. In der zweiten Wertung ging sie leer aus und in der dritten holte sie sich noch einen weiteren Punkt. Sophie Walcher hatte zu diesem Zeitpunkt einen Punkt Vorsprung, also hing wieder&hellip;<\/p>\n","category_list":"<a href=\"https:\/\/rad.asvi.at\/?cat=9\" rel=\"category\">Allgemein<\/a>, <a href=\"https:\/\/rad.asvi.at\/?cat=11\" rel=\"category\">Rennsport<\/a>","author_info":{"name":"Roman","url":"https:\/\/rad.asvi.at\/?author=2"},"comments_num":"0 comments","_links":{"self":[{"href":"https:\/\/rad.asvi.at\/index.php?rest_route=\/wp\/v2\/posts\/7501","targetHints":{"allow":["GET"]}}],"collection":[{"href":"https:\/\/rad.asvi.at\/index.php?rest_route=\/wp\/v2\/posts"}],"about":[{"href":"https:\/\/rad.asvi.at\/index.php?rest_route=\/wp\/v2\/types\/post"}],"author":[{"embeddable":true,"href":"https:\/\/rad.asvi.at\/index.php?rest_route=\/wp\/v2\/users\/2"}],"replies":[{"embeddable":true,"href":"https:\/\/rad.asvi.at\/index.php?rest_route=%2Fwp%2Fv2%2Fcomments&post=7501"}],"version-history":[{"count":0,"href":"https:\/\/rad.asvi.at\/index.php?rest_route=\/wp\/v2\/posts\/7501\/revisions"}],"wp:featuredmedia":[{"embeddable":true,"href":"https:\/\/rad.asvi.at\/index.php?rest_route=\/"}],"wp:attachment":[{"href":"https:\/\/rad.asvi.at\/index.php?rest_route=%2Fwp%2Fv2%2Fmedia&parent=7501"}],"wp:term":[{"taxonomy":"category","embeddable":true,"href":"https:\/\/rad.asvi.at\/index.php?rest_route=%2Fwp%2Fv2%2Fcategories&post=7501"},{"taxonomy":"post_tag","embeddable":true,"href":"https:\/\/rad.asvi.at\/index.php?rest_route=%2Fwp%2Fv2%2Ftags&post=7501"}],"curies":[{"name":"wp","href":"https:\/\/api.w.org\/{rel}","templated":true}]}}