{"id":7525,"date":"2020-09-19T21:35:23","date_gmt":"2020-09-19T19:35:23","guid":{"rendered":"http:\/\/www.radclub-inzing.at\/?p=7525"},"modified":"2020-09-19T21:35:23","modified_gmt":"2020-09-19T19:35:23","slug":"tolle-resultate-unserer-nachwuchsfahrer-bei-den-letzten-rennen","status":"publish","type":"post","link":"https:\/\/rad.asvi.at\/?p=7525","title":{"rendered":"Wieder Spitzenpl\u00e4tze f\u00fcr unsere Nachwuchsfahrer!"},"content":{"rendered":"<p><strong><span style=\"text-decoration: underline;\">Kolsass Bergclassic am 6. September 2020<\/span><\/strong><\/p>\n<p>Ausgezeichnete Leistungen zeigten Inzings Radler beim diesj\u00e4hrigen Kolsass-Bergrennen und zwar nicht nur der Nachwuchs. <strong><em>Thomas Grie\u00dfer<\/em><\/strong> lie\u00df es sich nicht nehmen -so wie schon letztes Jahr- wieder einmal \u201eRennluft\u201c zu schnuppern. Thomas wurde in seiner Altersklasse hervorragender <strong>2<\/strong>.! Das interne Rennen gegen <strong><em>Felix R\u00fctzler<\/em><\/strong> (U15) konnte er allerdings nicht gewinnen \u2013 Felix gewann n\u00e4mlich in souver\u00e4ner Manier die Klasse der U15 und lie\u00df Thomas auf den letzten Kilometern keine Chance. Er holte sich die <strong>Gold<\/strong>medaille bei den Tiroler Bergmeisterschaften.<\/p>\n<p>Ebenfalls siegreich war wieder einmal <strong><em>Ramona Grie\u00dfer<\/em><\/strong> bei den M\u00e4dchen U14. Sie konnte sogar lange Zeit mit den Burschen ihrer Altersklasse mithalten und gewann ebenfalls \u00fcberlegen <strong>Gold<\/strong> bei den TM.<\/p>\n<p><strong><em>Lukas Grie\u00dfer<\/em><\/strong> (Jun) fuhr in seiner Paradedisziplin ebenfalls ein ganz starkes Rennen. Er hielt sogar bis ca. zur H\u00e4lfte des Rennens mit der Spitze mit, musste dann aber rei\u00dfen lassen. Da er am Hinterrad auch noch einen Junioren \u201epicken\u201c hatte, der sich kurz vor dem Ziel durch eine Attacke absetzen konnte, wurde er <strong>2<\/strong>.<\/p>\n<p><strong><span style=\"text-decoration: underline;\">Rundstreckenrennen G\u00f6ssendiorf (Stm) am 13. September 2020<\/span><\/strong><\/p>\n<p><strong><em>Ramona Grie\u00dfer<\/em><\/strong> (Md U14) gewinnt auch den GP in G\u00f6ssendorf \u2013 ein Rundstreckenrennen auf einem flachen Kurs \u2013 allerdings bei hochsommerlichen Temperaturen! Trotz zahlreicher Attacken konnte sich niemand entscheidend absetzen und so kam es zum Massensprint. Dass Ramona auch gut sprinten kann hat sie heuer ja schon bewiesen \u2013 so auch dieses Mal- sie <strong>gewinnt<\/strong> in Fotofinish-Manier!<\/p>\n<p><strong><em>Felix R\u00fctzler<\/em><\/strong> (U15) ging es an diesem Tag leider nicht so gut, obwohl er am Anfang des Rennens sehr gut mithalten konnte. Auf den letzten 2 Runden hatte er aber sehr starkes Seitenstechen, weshalb er \u201enur\u201c am Ende des 1. Drittels \u00fcber die Ziellinie rollte.<\/p>\n<p><strong><em>Lukas Grie\u00dfer<\/em><\/strong> hatte bei den Junioren bereits am Vortag einen sogenanntes Sprintrennen (Airsprint \u00fcber 5km). Er wurde auf dem kurvigen Kurs als <strong>11<\/strong>. gewertet. Am n\u00e4chsten Tag in G\u00f6ssendorf starteten die Junioren gemeinsam mit den Amateuren. Auch die Wertung war nicht getrennt. Lukas wurde hier <strong>23<\/strong>.<\/p>\n","protected":false},"excerpt":{"rendered":"<p>Kolsass Bergclassic am 6. September 2020 Ausgezeichnete Leistungen zeigten Inzings Radler beim diesj\u00e4hrigen Kolsass-Bergrennen und zwar nicht nur der Nachwuchs. Thomas Grie\u00dfer lie\u00df es sich nicht nehmen -so wie schon letztes Jahr- wieder einmal \u201eRennluft\u201c zu schnuppern. Thomas wurde in seiner Altersklasse hervorragender 2.! Das interne Rennen gegen Felix R\u00fctzler (U15) konnte er allerdings nicht&hellip;&nbsp;<a href=\"https:\/\/rad.asvi.at\/?p=7525\" class=\"\" rel=\"bookmark\">Weiterlesen &raquo;<span class=\"screen-reader-text\">Wieder Spitzenpl\u00e4tze f\u00fcr unsere Nachwuchsfahrer!<\/span><\/a><\/p>\n","protected":false},"author":2,"featured_media":7532,"comment_status":"open","ping_status":"closed","sticky":false,"template":"","format":"standard","meta":{"neve_meta_sidebar":"","neve_meta_container":"","neve_meta_enable_content_width":"","neve_meta_content_width":0,"neve_meta_title_alignment":"","neve_meta_author_avatar":"","neve_post_elements_order":"","neve_meta_disable_header":"","neve_meta_disable_footer":"","neve_meta_disable_title":"","footnotes":""},"categories":[9,11],"tags":[],"class_list":["post-7525","post","type-post","status-publish","format-standard","has-post-thumbnail","hentry","category-allgemein","category-rennsport"],"featured_image_urls":{"full":"","thumbnail":"","medium":"","medium_large":"","large":"","xl":"","xxl":"","xxxl":"","xxxxl":"","xxxxxl":"","1536x1536":"","2048x2048":"","neve-blog":""},"post_excerpt_stackable":"<p>Kolsass Bergclassic am 6. September 2020 Ausgezeichnete Leistungen zeigten Inzings Radler beim diesj\u00e4hrigen Kolsass-Bergrennen und zwar nicht nur der Nachwuchs. Thomas Grie\u00dfer lie\u00df es sich nicht nehmen -so wie schon letztes Jahr- wieder einmal \u201eRennluft\u201c zu schnuppern. Thomas wurde in seiner Altersklasse hervorragender 2.! Das interne Rennen gegen Felix R\u00fctzler (U15) konnte er allerdings nicht gewinnen \u2013 Felix gewann n\u00e4mlich in souver\u00e4ner Manier die Klasse der U15 und lie\u00df Thomas auf den letzten Kilometern keine Chance. Er holte sich die Goldmedaille bei den Tiroler Bergmeisterschaften. Ebenfalls siegreich war wieder einmal Ramona Grie\u00dfer bei den M\u00e4dchen U14. Sie konnte sogar lange&hellip;<\/p>\n","category_list":"<a href=\"https:\/\/rad.asvi.at\/?cat=9\" rel=\"category\">Allgemein<\/a>, <a href=\"https:\/\/rad.asvi.at\/?cat=11\" rel=\"category\">Rennsport<\/a>","author_info":{"name":"Roman","url":"https:\/\/rad.asvi.at\/?author=2"},"comments_num":"0 comments","_links":{"self":[{"href":"https:\/\/rad.asvi.at\/index.php?rest_route=\/wp\/v2\/posts\/7525","targetHints":{"allow":["GET"]}}],"collection":[{"href":"https:\/\/rad.asvi.at\/index.php?rest_route=\/wp\/v2\/posts"}],"about":[{"href":"https:\/\/rad.asvi.at\/index.php?rest_route=\/wp\/v2\/types\/post"}],"author":[{"embeddable":true,"href":"https:\/\/rad.asvi.at\/index.php?rest_route=\/wp\/v2\/users\/2"}],"replies":[{"embeddable":true,"href":"https:\/\/rad.asvi.at\/index.php?rest_route=%2Fwp%2Fv2%2Fcomments&post=7525"}],"version-history":[{"count":0,"href":"https:\/\/rad.asvi.at\/index.php?rest_route=\/wp\/v2\/posts\/7525\/revisions"}],"wp:featuredmedia":[{"embeddable":true,"href":"https:\/\/rad.asvi.at\/index.php?rest_route=\/"}],"wp:attachment":[{"href":"https:\/\/rad.asvi.at\/index.php?rest_route=%2Fwp%2Fv2%2Fmedia&parent=7525"}],"wp:term":[{"taxonomy":"category","embeddable":true,"href":"https:\/\/rad.asvi.at\/index.php?rest_route=%2Fwp%2Fv2%2Fcategories&post=7525"},{"taxonomy":"post_tag","embeddable":true,"href":"https:\/\/rad.asvi.at\/index.php?rest_route=%2Fwp%2Fv2%2Ftags&post=7525"}],"curies":[{"name":"wp","href":"https:\/\/api.w.org\/{rel}","templated":true}]}}