{"id":7537,"date":"2020-09-27T18:27:32","date_gmt":"2020-09-27T16:27:32","guid":{"rendered":"http:\/\/www.radclub-inzing.at\/?p=7537"},"modified":"2020-09-27T18:27:32","modified_gmt":"2020-09-27T16:27:32","slug":"ramona-grieser-in-gelb-bei-der-alpe-adria-tour","status":"publish","type":"post","link":"https:\/\/rad.asvi.at\/?p=7537","title":{"rendered":"Ramona Grie\u00dfer in &#8222;Gelb&#8220; bei der Alpe Adria Tour!"},"content":{"rendered":"<p><strong><span style=\"text-decoration: underline;\">Alpe-Adria-Tour\/K\u00e4rnten<\/span><\/strong><\/p>\n<p>Am 26. und 27. September 2020 fand in Villach die \u201eAlpe-Adria-Tour\u201c mit 2 Etappen statt. Die erste Etappe war ein Rundstreckenrennen auf der Rollerstrecke in Villach (Alpenstadion). Am Sonntag folgte dann ein Bergrennen auf den Dobratsch (6,5km\/400 Hm). Der \u00d6AMTC RAIKA BKD ASV INZING war mit 3 Fahrer\/innen am Start.<\/p>\n<p>Beim <strong><span style=\"text-decoration: underline;\">Rundstreckenrennen am Sa<\/span><\/strong> hatten die <strong>M\u00e4dchen U14<\/strong> 7 Runden und gesamt 11km zu fahren. Da der Kurs nicht besonders schwer war, konnte sich bei den M\u00e4dchen -die ja mit den U13 Burschen gemeinsam fahren- niemand absetzen<strong><em>. Ramona Grie\u00dfer<\/em><\/strong> fuhr sehr aktiv und \u00fcbernahm w\u00e4hrend des ganzen Rennens sehr viel F\u00fchrungsarbeit \u2013 niemand wollte fahren \u2013 alle warteten auf einen Massensprint. In der letzten Runde attackierte Ramona dann, sodass sich das Feld in die L\u00e4nge zog. Kurze Zeit war sie dann sogar vor allen Buben \u2013 lie\u00df diese dann aber bei der Zieleinfahrt vorbeisprinten und fuhr als erstes M\u00e4dchen vor einer slowenischen Fahrerin \u00fcber die Ziellinie. Damit sicherte sie sich das <strong>gelbe F\u00fchrungstrikot<\/strong> der Alpe-Adria-Tour!<\/p>\n<p>Bei den <strong>U15<\/strong> Burschen war auch unser <strong><em>Felix R\u00fctzler<\/em><\/strong> am Start. Die U15 hatten 20 km zu absolvieren. Hier bildete sich bald eine 6-k\u00f6pfige Spitzengruppe und Felix war mit von der Partie. In der letzten Runde konnte sich ein Fahrer absetzen und solo gewinnen. Felix sprintete bei den Verfolgern auf den hervorragenden <strong>3.<\/strong> Platz!<\/p>\n<p><strong><em>Lukas Grie\u00dfer <\/em>(Jun)<\/strong> konnte bis 3 Runden vor Schluss in einer Verfolgergruppe mithalten und wurde am Ende <strong>9<\/strong>.<\/p>\n<p>Beim <strong><span style=\"text-decoration: underline;\">Bergrennen am So<\/span><\/strong> fuhren die M\u00e4dchen ungef\u00e4hr die H\u00e4lfte also 3,3 km und ca. 200Hm. In ihrer Lieblingsdisziplin konnte <strong><em>Ramona Grie\u00dfer<\/em><\/strong> den ersten Kilometer sogar mit den schnellsten Burschen mithalten. Sie kam dann mit der ersten Verfolgergruppe -als einziges M\u00e4dchen- mit mehr als einer Minute Vorsprung auf die Zweitplatzierte ins Ziel und verteidigte ihr gelbes F\u00fchrungstrikot somit <strong>souver\u00e4n<\/strong>! In der Gesamtwertung hatte sie sogar 1:30 Minuten Vorsprung auf die 2.<\/p>\n<p>Eine ganz tolle Vorstellung lieferte au\u00dferdem wieder <strong><em>Felix R\u00fctzler<\/em><\/strong> (U15). Die Jungs hatten den ganzen Berg (6,5km\/400Hm) zu fahren. Wieder setzte sich bereits nach dem ersten Kilometer eine diesmal 7-k\u00f6pfige Spitzengruppe ab. Bei der 200m-Marke setzte Felix bereits zum Zielsprint an und nur Valentin Hofer (KTM Maria Schmolln) konnte ihm folgen. Ungef\u00e4hr 50 m vor dem Ziel gingen Felix die \u201eK\u00f6rner\u201c aus und Valentin \u00fcberholte ihn. Felix wurde hervorragender Zweiter und verbesserte sich auch in der Gesamtwertung auf den <strong>2.<\/strong> Platz!<\/p>\n<p><strong><em>Lukas Grie\u00dfer<\/em><\/strong> (Jun) war bei diesem Bergrennen ebenfalls in der Lage bis kurz vor das Ziel mit der Spitze mitzuhalten. Im Zielsprint musste er sich aber mit dem <strong>6.<\/strong> Platz zufrieden geben. Als erstj\u00e4hriger Junior konnte er damit aber doch zufrieden sein!<\/p>\n","protected":false},"excerpt":{"rendered":"<p>Alpe-Adria-Tour\/K\u00e4rnten Am 26. und 27. September 2020 fand in Villach die \u201eAlpe-Adria-Tour\u201c mit 2 Etappen statt. Die erste Etappe war ein Rundstreckenrennen auf der Rollerstrecke in Villach (Alpenstadion). Am Sonntag folgte dann ein Bergrennen auf den Dobratsch (6,5km\/400 Hm). Der \u00d6AMTC RAIKA BKD ASV INZING war mit 3 Fahrer\/innen am Start. Beim Rundstreckenrennen am Sa&hellip;&nbsp;<a href=\"https:\/\/rad.asvi.at\/?p=7537\" class=\"\" rel=\"bookmark\">Weiterlesen &raquo;<span class=\"screen-reader-text\">Ramona Grie\u00dfer in &#8222;Gelb&#8220; bei der Alpe Adria Tour!<\/span><\/a><\/p>\n","protected":false},"author":2,"featured_media":7553,"comment_status":"open","ping_status":"closed","sticky":false,"template":"","format":"standard","meta":{"neve_meta_sidebar":"","neve_meta_container":"","neve_meta_enable_content_width":"","neve_meta_content_width":0,"neve_meta_title_alignment":"","neve_meta_author_avatar":"","neve_post_elements_order":"","neve_meta_disable_header":"","neve_meta_disable_footer":"","neve_meta_disable_title":"","footnotes":""},"categories":[9,11],"tags":[],"class_list":["post-7537","post","type-post","status-publish","format-standard","has-post-thumbnail","hentry","category-allgemein","category-rennsport"],"featured_image_urls":{"full":"","thumbnail":"","medium":"","medium_large":"","large":"","xl":"","xxl":"","xxxl":"","xxxxl":"","xxxxxl":"","1536x1536":"","2048x2048":"","neve-blog":""},"post_excerpt_stackable":"<p>Alpe-Adria-Tour\/K\u00e4rnten Am 26. und 27. September 2020 fand in Villach die \u201eAlpe-Adria-Tour\u201c mit 2 Etappen statt. Die erste Etappe war ein Rundstreckenrennen auf der Rollerstrecke in Villach (Alpenstadion). Am Sonntag folgte dann ein Bergrennen auf den Dobratsch (6,5km\/400 Hm). Der \u00d6AMTC RAIKA BKD ASV INZING war mit 3 Fahrer\/innen am Start. Beim Rundstreckenrennen am Sa hatten die M\u00e4dchen U14 7 Runden und gesamt 11km zu fahren. Da der Kurs nicht besonders schwer war, konnte sich bei den M\u00e4dchen -die ja mit den U13 Burschen gemeinsam fahren- niemand absetzen. Ramona Grie\u00dfer fuhr sehr aktiv und \u00fcbernahm w\u00e4hrend des ganzen Rennens sehr&hellip;<\/p>\n","category_list":"<a href=\"https:\/\/rad.asvi.at\/?cat=9\" rel=\"category\">Allgemein<\/a>, <a href=\"https:\/\/rad.asvi.at\/?cat=11\" rel=\"category\">Rennsport<\/a>","author_info":{"name":"Roman","url":"https:\/\/rad.asvi.at\/?author=2"},"comments_num":"0 comments","_links":{"self":[{"href":"https:\/\/rad.asvi.at\/index.php?rest_route=\/wp\/v2\/posts\/7537","targetHints":{"allow":["GET"]}}],"collection":[{"href":"https:\/\/rad.asvi.at\/index.php?rest_route=\/wp\/v2\/posts"}],"about":[{"href":"https:\/\/rad.asvi.at\/index.php?rest_route=\/wp\/v2\/types\/post"}],"author":[{"embeddable":true,"href":"https:\/\/rad.asvi.at\/index.php?rest_route=\/wp\/v2\/users\/2"}],"replies":[{"embeddable":true,"href":"https:\/\/rad.asvi.at\/index.php?rest_route=%2Fwp%2Fv2%2Fcomments&post=7537"}],"version-history":[{"count":0,"href":"https:\/\/rad.asvi.at\/index.php?rest_route=\/wp\/v2\/posts\/7537\/revisions"}],"wp:featuredmedia":[{"embeddable":true,"href":"https:\/\/rad.asvi.at\/index.php?rest_route=\/"}],"wp:attachment":[{"href":"https:\/\/rad.asvi.at\/index.php?rest_route=%2Fwp%2Fv2%2Fmedia&parent=7537"}],"wp:term":[{"taxonomy":"category","embeddable":true,"href":"https:\/\/rad.asvi.at\/index.php?rest_route=%2Fwp%2Fv2%2Fcategories&post=7537"},{"taxonomy":"post_tag","embeddable":true,"href":"https:\/\/rad.asvi.at\/index.php?rest_route=%2Fwp%2Fv2%2Ftags&post=7537"}],"curies":[{"name":"wp","href":"https:\/\/api.w.org\/{rel}","templated":true}]}}