{"id":7561,"date":"2020-10-04T21:32:42","date_gmt":"2020-10-04T19:32:42","guid":{"rendered":"http:\/\/www.radclub-inzing.at\/?p=7561"},"modified":"2020-10-04T21:32:42","modified_gmt":"2020-10-04T19:32:42","slug":"inzinger-radnachwuchs-wieder-barenstark","status":"publish","type":"post","link":"https:\/\/rad.asvi.at\/?p=7561","title":{"rendered":"Inzinger Radnachwuchs wieder b\u00e4renstark!"},"content":{"rendered":"<p><strong><span style=\"text-decoration: underline;\">Kriterium in Fohnsdorf (Knittelfeld)<\/span><\/strong><\/p>\n<p>Am Sa 3. Oktober fand im Fahrsicherheitszentrum von Fohnsdorf ein Kriterium mit Endwertung statt. Das bedeutet, dass auf einem kriterium\u00e4hnlichen Rundkurs, nicht wie sonst \u00fcblich eine gewisse Anzahl von Zwischensprints mit Punktevergabe, sondern eben eine Endwertung wie bei Strassenrennen ausgefahren wird. Bei den M\u00e4dchen U14 (10 Runden zu je 1,6 km)\u00a0 war vom <strong>\u00d6AMTC RAIKA BKD ASV INZING <em>Ramona Grie\u00dfer<\/em><\/strong> am Start. Kleines Detail am Rande: am Vorabend war noch nicht ganz sicher ob Ramona \u00fcberhaupt ein geeignetes Rennrad f\u00fcr diesen Einsatz zur Verf\u00fcgung haben wird! Beim Materialcheck fiel ihr gottseidank n\u00e4mlich auf, dass eine Bremse nicht funktioniert (Scheibe wohlgemerkt)! Obwohl ihr Vater noch schnell zur Fa BKD fuhr und ein Mechaniker daf\u00fcr extra eine Abendschicht einlegte, war das Problem nicht so leicht zu beheben. Also musste das Rad von der Mama \u201erenntauglich\u201c gemacht werden. Papa Thomas schaffte es schlie\u00dflich nach einer herausfordernden Nachtschicht! Ramona musste allerdings auf die gewohnten\u00a0 Scheibenbremsen verzichten, was schon eine ziemliche Umstellung war, da es noch dazu regnete. Die M\u00e4dchen waren wie immer gemeinsam mit den Buben U13 unterwegs und Ramona konnte sich 3 Runden vor Schluss zusammen mit einem K\u00e4rntner Fahrer vom Verfolgerfeld absetzen. Da nur ein Fahrer solo vor ihnen war, wurde sie Tagesdritte und siegte bei den M\u00e4dchen wieder in \u00fcberlegener Manier!<\/p>\n<p>Auch die Jungs vom <strong>\u00d6AMTC RAIKA BKD ASV INZING<\/strong> fuhren sehr stark bei diesem Rennen. <strong><em>Lukas<\/em><\/strong> <strong><em>Grie\u00dfer (Jun)<\/em><\/strong> musste 30 Runden fahren und wurde 11.<\/p>\n<p><strong><em>Felix R\u00fctzler<\/em><\/strong>, der zuletzt in K\u00e4rnten mit 2 Stockerlpl\u00e4tzen aufhorchen lie\u00df, konnte auch dieses Wochenende seine sehr gute Form best\u00e4tigen. Bereits zu Beginn des Rennens viel allerdings eine Vorentscheidung \u2013 der starke Valentin Zobel (O\u00d6) inizierte in der 2 od. 3 Runde gleich eine 3 k\u00f6pfige Spitzengruppe und Felix war da sogar mit dabei! Da er allerdings dachte, dass dies zu fr\u00fch sei, lie\u00df er sich mit dem 2. Fahrer wieder ins Hauptfeld zur\u00fcckfallen \u2013 eine Fehlentscheidung, wie sich herausstellen sollte. Zeller fuhr n\u00e4mlich bis ins Ziel einen Vorsprung von 1:30 Minuten heraus und siegte \u00fcberlegen. F\u00fcr Felix alles kein Problem, denn er ist ja auch noch schnell! Im Zielsprint kam er tats\u00e4chlich als 3. doch noch auf das Podest!<\/p>\n","protected":false},"excerpt":{"rendered":"<p>Kriterium in Fohnsdorf (Knittelfeld) Am Sa 3. Oktober fand im Fahrsicherheitszentrum von Fohnsdorf ein Kriterium mit Endwertung statt. Das bedeutet, dass auf einem kriterium\u00e4hnlichen Rundkurs, nicht wie sonst \u00fcblich eine gewisse Anzahl von Zwischensprints mit Punktevergabe, sondern eben eine Endwertung wie bei Strassenrennen ausgefahren wird. Bei den M\u00e4dchen U14 (10 Runden zu je 1,6 km)\u00a0&hellip;&nbsp;<a href=\"https:\/\/rad.asvi.at\/?p=7561\" class=\"\" rel=\"bookmark\">Weiterlesen &raquo;<span class=\"screen-reader-text\">Inzinger Radnachwuchs wieder b\u00e4renstark!<\/span><\/a><\/p>\n","protected":false},"author":2,"featured_media":7583,"comment_status":"open","ping_status":"closed","sticky":false,"template":"","format":"standard","meta":{"neve_meta_sidebar":"","neve_meta_container":"","neve_meta_enable_content_width":"","neve_meta_content_width":0,"neve_meta_title_alignment":"","neve_meta_author_avatar":"","neve_post_elements_order":"","neve_meta_disable_header":"","neve_meta_disable_footer":"","neve_meta_disable_title":"","footnotes":""},"categories":[9,11],"tags":[],"class_list":["post-7561","post","type-post","status-publish","format-standard","has-post-thumbnail","hentry","category-allgemein","category-rennsport"],"featured_image_urls":{"full":"","thumbnail":"","medium":"","medium_large":"","large":"","xl":"","xxl":"","xxxl":"","xxxxl":"","xxxxxl":"","1536x1536":"","2048x2048":"","neve-blog":""},"post_excerpt_stackable":"<p>Kriterium in Fohnsdorf (Knittelfeld) Am Sa 3. Oktober fand im Fahrsicherheitszentrum von Fohnsdorf ein Kriterium mit Endwertung statt. Das bedeutet, dass auf einem kriterium\u00e4hnlichen Rundkurs, nicht wie sonst \u00fcblich eine gewisse Anzahl von Zwischensprints mit Punktevergabe, sondern eben eine Endwertung wie bei Strassenrennen ausgefahren wird. Bei den M\u00e4dchen U14 (10 Runden zu je 1,6 km)\u00a0 war vom \u00d6AMTC RAIKA BKD ASV INZING Ramona Grie\u00dfer am Start. Kleines Detail am Rande: am Vorabend war noch nicht ganz sicher ob Ramona \u00fcberhaupt ein geeignetes Rennrad f\u00fcr diesen Einsatz zur Verf\u00fcgung haben wird! Beim Materialcheck fiel ihr gottseidank n\u00e4mlich auf, dass eine Bremse&hellip;<\/p>\n","category_list":"<a href=\"https:\/\/rad.asvi.at\/?cat=9\" rel=\"category\">Allgemein<\/a>, <a href=\"https:\/\/rad.asvi.at\/?cat=11\" rel=\"category\">Rennsport<\/a>","author_info":{"name":"Roman","url":"https:\/\/rad.asvi.at\/?author=2"},"comments_num":"0 comments","_links":{"self":[{"href":"https:\/\/rad.asvi.at\/index.php?rest_route=\/wp\/v2\/posts\/7561","targetHints":{"allow":["GET"]}}],"collection":[{"href":"https:\/\/rad.asvi.at\/index.php?rest_route=\/wp\/v2\/posts"}],"about":[{"href":"https:\/\/rad.asvi.at\/index.php?rest_route=\/wp\/v2\/types\/post"}],"author":[{"embeddable":true,"href":"https:\/\/rad.asvi.at\/index.php?rest_route=\/wp\/v2\/users\/2"}],"replies":[{"embeddable":true,"href":"https:\/\/rad.asvi.at\/index.php?rest_route=%2Fwp%2Fv2%2Fcomments&post=7561"}],"version-history":[{"count":0,"href":"https:\/\/rad.asvi.at\/index.php?rest_route=\/wp\/v2\/posts\/7561\/revisions"}],"wp:featuredmedia":[{"embeddable":true,"href":"https:\/\/rad.asvi.at\/index.php?rest_route=\/"}],"wp:attachment":[{"href":"https:\/\/rad.asvi.at\/index.php?rest_route=%2Fwp%2Fv2%2Fmedia&parent=7561"}],"wp:term":[{"taxonomy":"category","embeddable":true,"href":"https:\/\/rad.asvi.at\/index.php?rest_route=%2Fwp%2Fv2%2Fcategories&post=7561"},{"taxonomy":"post_tag","embeddable":true,"href":"https:\/\/rad.asvi.at\/index.php?rest_route=%2Fwp%2Fv2%2Ftags&post=7561"}],"curies":[{"name":"wp","href":"https:\/\/api.w.org\/{rel}","templated":true}]}}