{"id":7587,"date":"2020-10-11T16:57:30","date_gmt":"2020-10-11T14:57:30","guid":{"rendered":"http:\/\/www.radclub-inzing.at\/?p=7587"},"modified":"2020-10-11T16:57:30","modified_gmt":"2020-10-11T14:57:30","slug":"ramona-grieser-holt-sich-zum-saisonabschluss-den-3-titel","status":"publish","type":"post","link":"https:\/\/rad.asvi.at\/?p=7587","title":{"rendered":"Ramona Grie\u00dfer holt sich zum Saisonabschluss den 3. Titel!"},"content":{"rendered":"<p><strong><span style=\"text-decoration: underline;\">\u00d6M-Stra\u00dfe am\u00a0 10. und 11. Oktober in Langkampfen<\/span><\/strong><\/p>\n<p>Langkampfen ist seit vielen Jahren eigentlich traditionell das Saison-Er\u00f6ffnungsrennen des Tiroler Stra\u00dfenradsports. Durch Corona ist aber heuer alles anders! Nicht am Anfang der Wettkampfsaison, sondern am Ende fand der Klassiker doch noch Platz auf dem Kalender. Noch dazu aufgrund der Covid 19-Bestimmungen an 2 Tagen! Am Samstag die Kategorien U13, Md U14, U15 und Md U17 und am Sonntag U17 (m\u00e4nnl.) und Junioren. Au\u00dferdem z\u00e4hlte das Rennen nicht nur zum \u00d6-Cup, es war gleichzeitig <strong>\u00d6sterreichische Meisterschaft<\/strong> in allen NW-Kategorien!<\/p>\n<p>Die Inzinger Youngsters nahmen sich f\u00fcr diesen Saisonabschluss -der gleichzeitig mit der \u00d6M in der K\u00f6nigsdisziplin Saisonh\u00f6hepunkt war- nat\u00fcrlich sehr viel vor. So ging bei den M\u00e4dchen U14 <strong><em>Ramona Grie\u00dfer<\/em><\/strong> als absolute Topfavoritin f\u00fcr den Titel an den Start. Bei den Burschen U15 durfte man mit <strong><em>Felix R\u00fctzler<\/em><\/strong> -nach den tollen Ergebnissen der letzten Wochen- ebenfalls mit einer Medaille spekulieren. Beide hatten allerdings in der letzten Woche mit einer starken Verk\u00fchlung zu k\u00e4mpfen und es war vor 3 Tagen noch nicht sicher ob sie \u00fcberhaupt an den Start gehen k\u00f6nnen. Bei den Junioren ging mit <strong><em>Lukas Grie\u00dfer<\/em><\/strong> der \u00d6M-Erfahrenste Inzinger Rennfahrer an den Start und der ist nat\u00fcrlich immer f\u00fcr eine \u00dcberraschung gut.<\/p>\n<p>Die <strong>M\u00e4dchen U14<\/strong> hatten 4 Runden zu fahren und p\u00fcnktlich zum Startschuss setzte Wind und Regen ein. Ramona lie\u00df sich vom Wetter nicht aus der Fassung bringen und kontrollierte von der ersten Runde an das Feld. Am Anfang waren es v.a. Ramona und Sophie Walcher, die das Tempo vorgaben, gegen Ende des Rennens wurde am Anstieg aber immer \u00f6fter von den Burschen attackiert. Die Entscheidung viel aber erst in der letzten Runde am Anstieg kurz vor dem Ziel. Bereits zu Beginn dieser Steigung konnte <strong><em>Ramona<\/em><\/strong> einen kleinen Vorsprung auf Sophie Walcher herausfahren und diesen ungef\u00e4hrdet ins Ziel bringen. Sie war nat\u00fcrlich \u00fcbergl\u00fccklich nun auch den 3. und wichtigsten <strong>\u00d6M-Titel<\/strong>eingefahren zu haben! Auch die \u00d6-Cup-Gesamtwertung gewann sie souver\u00e4n und nat\u00fcrlich wurde sie auch Tiroler Meisterin!<\/p>\n<p>Die <strong>Burschen U15<\/strong> mussten 10 Runden fahren. <strong><em>Felix R\u00fctzler<\/em><\/strong> hatte von Beginn an gesp\u00fcrt, dass die Erk\u00e4ltung noch in seinen Knochen steckte. Vor allem bei den zahlreichen Attacken in der Steigung kostete es ihn sehr viel \u00dcberwindung \u201edran\u201c zu bleiben. Die K\u00e4lte, starker Wind und Dauerregen setzte den Fahrern arg zu. Irgendwie schaffte es Felix aber Runde um Runde im ersten Drittel durchzuhalten und so kam es auch hier zum finalen Zielsprint. Unter normalen Umst\u00e4nden w\u00fcrde ihm das sehr entgegen kommen, da er ziemlich \u201eendschnell\u201c ist. So aber kam er bereits total entkr\u00e4ftet und v\u00f6llig \u201eunterk\u00fchlt\u201c zur 100m-Marke und musste sich mit dem <strong>7. Platz<\/strong> zufrieden geben.\u00a0Die TM-Goldmedaille entsch\u00e4digte immerhin f\u00fcr die Strapazen!<\/p>\n<p>Am Sonntag fuhr dann bei noch k\u00e4lteren Bedingungen (6-7 Grad) und ebenfalls Dauerregen <strong><em>Lukas Grie\u00dfer <\/em><\/strong>(Jun) 27 (!) Runden. Gleich in der 2. Runde ergab sich die Situation, dass er und ein weiterer Fahrer sich absetzen konnten und niemand nachsetzte. Die beiden fuhren Runde um Runde alleine vor dem Feld her und hatten zeitweise einen ganz passablen Vorsprung von 1:50 Minuten. 9 Runden vor Schluss begann allerdings das Feld nerv\u00f6s zu werden und es wurden zahlreiche Attacken gestartet. Dadurch gelang es mehreren Fahrern innerhalb von 2 Runden auf die beiden Spitzenreiter aufzuschlie\u00dfen. Lukas hatte durch die viele F\u00fchrungsarbeit nat\u00fcrlich viele K\u00f6rner bereits verschossen, auf den letzten Runden konnte er deshalb in der Steigung nicht mehr mit der Spitze mitgehen und platzierte sich dennoch auf dem guten <strong>10. Rang<\/strong>. Immerhin hatte er sich mehr als die H\u00e4lfte des Rennens sehr gut pr\u00e4sentiert und gezeigt was in ihm steckt!\u00a0Bei der TM holte er die Bronze-Medaille.<\/p>\n","protected":false},"excerpt":{"rendered":"<p>\u00d6M-Stra\u00dfe am\u00a0 10. und 11. Oktober in Langkampfen Langkampfen ist seit vielen Jahren eigentlich traditionell das Saison-Er\u00f6ffnungsrennen des Tiroler Stra\u00dfenradsports. Durch Corona ist aber heuer alles anders! Nicht am Anfang der Wettkampfsaison, sondern am Ende fand der Klassiker doch noch Platz auf dem Kalender. Noch dazu aufgrund der Covid 19-Bestimmungen an 2 Tagen! Am Samstag&hellip;&nbsp;<a href=\"https:\/\/rad.asvi.at\/?p=7587\" class=\"\" rel=\"bookmark\">Weiterlesen &raquo;<span class=\"screen-reader-text\">Ramona Grie\u00dfer holt sich zum Saisonabschluss den 3. Titel!<\/span><\/a><\/p>\n","protected":false},"author":2,"featured_media":7611,"comment_status":"open","ping_status":"closed","sticky":false,"template":"","format":"standard","meta":{"neve_meta_sidebar":"","neve_meta_container":"","neve_meta_enable_content_width":"","neve_meta_content_width":0,"neve_meta_title_alignment":"","neve_meta_author_avatar":"","neve_post_elements_order":"","neve_meta_disable_header":"","neve_meta_disable_footer":"","neve_meta_disable_title":"","footnotes":""},"categories":[9,11],"tags":[],"class_list":["post-7587","post","type-post","status-publish","format-standard","has-post-thumbnail","hentry","category-allgemein","category-rennsport"],"featured_image_urls":{"full":"","thumbnail":"","medium":"","medium_large":"","large":"","xl":"","xxl":"","xxxl":"","xxxxl":"","xxxxxl":"","1536x1536":"","2048x2048":"","neve-blog":""},"post_excerpt_stackable":"<p>\u00d6M-Stra\u00dfe am\u00a0 10. und 11. Oktober in Langkampfen Langkampfen ist seit vielen Jahren eigentlich traditionell das Saison-Er\u00f6ffnungsrennen des Tiroler Stra\u00dfenradsports. Durch Corona ist aber heuer alles anders! Nicht am Anfang der Wettkampfsaison, sondern am Ende fand der Klassiker doch noch Platz auf dem Kalender. Noch dazu aufgrund der Covid 19-Bestimmungen an 2 Tagen! Am Samstag die Kategorien U13, Md U14, U15 und Md U17 und am Sonntag U17 (m\u00e4nnl.) und Junioren. Au\u00dferdem z\u00e4hlte das Rennen nicht nur zum \u00d6-Cup, es war gleichzeitig \u00d6sterreichische Meisterschaft in allen NW-Kategorien! Die Inzinger Youngsters nahmen sich f\u00fcr diesen Saisonabschluss -der gleichzeitig mit der \u00d6M&hellip;<\/p>\n","category_list":"<a href=\"https:\/\/rad.asvi.at\/?cat=9\" rel=\"category\">Allgemein<\/a>, <a href=\"https:\/\/rad.asvi.at\/?cat=11\" rel=\"category\">Rennsport<\/a>","author_info":{"name":"Roman","url":"https:\/\/rad.asvi.at\/?author=2"},"comments_num":"0 comments","_links":{"self":[{"href":"https:\/\/rad.asvi.at\/index.php?rest_route=\/wp\/v2\/posts\/7587","targetHints":{"allow":["GET"]}}],"collection":[{"href":"https:\/\/rad.asvi.at\/index.php?rest_route=\/wp\/v2\/posts"}],"about":[{"href":"https:\/\/rad.asvi.at\/index.php?rest_route=\/wp\/v2\/types\/post"}],"author":[{"embeddable":true,"href":"https:\/\/rad.asvi.at\/index.php?rest_route=\/wp\/v2\/users\/2"}],"replies":[{"embeddable":true,"href":"https:\/\/rad.asvi.at\/index.php?rest_route=%2Fwp%2Fv2%2Fcomments&post=7587"}],"version-history":[{"count":0,"href":"https:\/\/rad.asvi.at\/index.php?rest_route=\/wp\/v2\/posts\/7587\/revisions"}],"wp:featuredmedia":[{"embeddable":true,"href":"https:\/\/rad.asvi.at\/index.php?rest_route=\/"}],"wp:attachment":[{"href":"https:\/\/rad.asvi.at\/index.php?rest_route=%2Fwp%2Fv2%2Fmedia&parent=7587"}],"wp:term":[{"taxonomy":"category","embeddable":true,"href":"https:\/\/rad.asvi.at\/index.php?rest_route=%2Fwp%2Fv2%2Fcategories&post=7587"},{"taxonomy":"post_tag","embeddable":true,"href":"https:\/\/rad.asvi.at\/index.php?rest_route=%2Fwp%2Fv2%2Ftags&post=7587"}],"curies":[{"name":"wp","href":"https:\/\/api.w.org\/{rel}","templated":true}]}}