{"id":7620,"date":"2021-04-22T20:21:42","date_gmt":"2021-04-22T18:21:42","guid":{"rendered":"http:\/\/www.radclub-inzing.at\/?p=7620"},"modified":"2021-04-22T20:21:42","modified_gmt":"2021-04-22T18:21:42","slug":"die-wettkampfsaison-fur-inzings-radnachwuchs-ist-eroffnet","status":"publish","type":"post","link":"https:\/\/rad.asvi.at\/?p=7620","title":{"rendered":"Die Wettkampfsaison f\u00fcr Inzings Radnachwuchs ist er\u00f6ffnet!"},"content":{"rendered":"<p>Die Vorbereitungsperiode f\u00fcr die heurige Wettkampfsaison ist so gut wie abgeschlossen. Bereits im Februar absolvierte <em><strong>Lukas Grie\u00dfer (Jun)<\/strong><\/em> und <em><strong>Elias Farbmacher (U23\/Amateure)<\/strong> <\/em>eine Trainingswoche auf Gran Canaria. Bestens betreut wurden sie von unserem Sektionsleiter Thomas Grie\u00dfer. Das traditionelle ASV\u00d6-Trainingslager in Salurn fiel leider bereits zum zweiten Mal hintereinander, CORONA zum Opfer. Als Ersatz wurde eine Trainingswoche zuhause organisiert &#8211; wieder betreut durch Thomas Grie\u00dfer (aber auch der &#8222;Trainer&#8220; fuhr einmal mit!). Da das Wetter optimal mitspielte, konnte man \u00e4hnliche Umf\u00e4nge erreichen wie in Salurn! Heuer erstmals im Kader des Nationalteams stehen <em><strong>Felix R\u00fctzler (U17)<\/strong><\/em> und <em><strong>Ramona Grie\u00dfer (ebenfalls U17 Md)<\/strong><\/em>. Ramona m\u00fcsste ja eigentlich noch Md U15 fahren, wir haben sie aber aufgestuft, damit sie sich entsprechend ihrer Leistungsf\u00e4higkeit weiter entwickeln kann. Beide Fahrer sind momentan bei einem Kadertrainingslehrgang in Faak am See (K\u00e4rnten), wo sie sich den &#8222;letzten Schliff&#8220; f\u00fcr die am n\u00e4chsten WE startende WK-Saison holen. Am 1. Mai findet n\u00e4mlich bereits die \u00d6M im Einzelzeitfahren statt! F\u00fcr Lukas Grie\u00dfer (Jun) ging es ja bereits vor 3 Wochen mit dem Er\u00f6ffnungsrennen in Leonding los und an diesem Sonntag findet mit dem traditionellen &#8222;Kirschbl\u00fctenrennen&#8220; in Wels das 2. Rennen statt.<\/p>\n<p>Heuer neu zu unserem Verein dazu gekommen ist <em><strong>Marina Gurtner (Md U17)<\/strong><\/em> aus Thaur. Sie fuhr davor beim Radclub W\u00f6rgl und hat schon den ganzen Winter mit uns mittrainiert (Kraftkammer\/Trainingslager). Wir hei\u00dfen sie herzlich willkommen!<\/p>\n<p>AUF EINE ERFOLGREICHE UND UNFALLFREIE SAISON 2021!<\/p>\n","protected":false},"excerpt":{"rendered":"<p>Die Vorbereitungsperiode f\u00fcr die heurige Wettkampfsaison ist so gut wie abgeschlossen. Bereits im Februar absolvierte Lukas Grie\u00dfer (Jun) und Elias Farbmacher (U23\/Amateure) eine Trainingswoche auf Gran Canaria. Bestens betreut wurden sie von unserem Sektionsleiter Thomas Grie\u00dfer. Das traditionelle ASV\u00d6-Trainingslager in Salurn fiel leider bereits zum zweiten Mal hintereinander, CORONA zum Opfer. Als Ersatz wurde eine&hellip;&nbsp;<a href=\"https:\/\/rad.asvi.at\/?p=7620\" class=\"\" rel=\"bookmark\">Weiterlesen &raquo;<span class=\"screen-reader-text\">Die Wettkampfsaison f\u00fcr Inzings Radnachwuchs ist er\u00f6ffnet!<\/span><\/a><\/p>\n","protected":false},"author":2,"featured_media":7640,"comment_status":"open","ping_status":"closed","sticky":false,"template":"","format":"standard","meta":{"neve_meta_sidebar":"","neve_meta_container":"","neve_meta_enable_content_width":"","neve_meta_content_width":0,"neve_meta_title_alignment":"","neve_meta_author_avatar":"","neve_post_elements_order":"","neve_meta_disable_header":"","neve_meta_disable_footer":"","neve_meta_disable_title":"","footnotes":""},"categories":[9,11],"tags":[],"class_list":["post-7620","post","type-post","status-publish","format-standard","has-post-thumbnail","hentry","category-allgemein","category-rennsport"],"featured_image_urls":{"full":"","thumbnail":"","medium":"","medium_large":"","large":"","xl":"","xxl":"","xxxl":"","xxxxl":"","xxxxxl":"","1536x1536":"","2048x2048":"","neve-blog":""},"post_excerpt_stackable":"<p>Die Vorbereitungsperiode f\u00fcr die heurige Wettkampfsaison ist so gut wie abgeschlossen. Bereits im Februar absolvierte Lukas Grie\u00dfer (Jun) und Elias Farbmacher (U23\/Amateure) eine Trainingswoche auf Gran Canaria. Bestens betreut wurden sie von unserem Sektionsleiter Thomas Grie\u00dfer. Das traditionelle ASV\u00d6-Trainingslager in Salurn fiel leider bereits zum zweiten Mal hintereinander, CORONA zum Opfer. Als Ersatz wurde eine Trainingswoche zuhause organisiert &#8211; wieder betreut durch Thomas Grie\u00dfer (aber auch der &#8222;Trainer&#8220; fuhr einmal mit!). Da das Wetter optimal mitspielte, konnte man \u00e4hnliche Umf\u00e4nge erreichen wie in Salurn! Heuer erstmals im Kader des Nationalteams stehen Felix R\u00fctzler (U17) und Ramona Grie\u00dfer (ebenfalls U17 Md).&hellip;<\/p>\n","category_list":"<a href=\"https:\/\/rad.asvi.at\/?cat=9\" rel=\"category\">Allgemein<\/a>, <a href=\"https:\/\/rad.asvi.at\/?cat=11\" rel=\"category\">Rennsport<\/a>","author_info":{"name":"Roman","url":"https:\/\/rad.asvi.at\/?author=2"},"comments_num":"0 comments","_links":{"self":[{"href":"https:\/\/rad.asvi.at\/index.php?rest_route=\/wp\/v2\/posts\/7620","targetHints":{"allow":["GET"]}}],"collection":[{"href":"https:\/\/rad.asvi.at\/index.php?rest_route=\/wp\/v2\/posts"}],"about":[{"href":"https:\/\/rad.asvi.at\/index.php?rest_route=\/wp\/v2\/types\/post"}],"author":[{"embeddable":true,"href":"https:\/\/rad.asvi.at\/index.php?rest_route=\/wp\/v2\/users\/2"}],"replies":[{"embeddable":true,"href":"https:\/\/rad.asvi.at\/index.php?rest_route=%2Fwp%2Fv2%2Fcomments&post=7620"}],"version-history":[{"count":0,"href":"https:\/\/rad.asvi.at\/index.php?rest_route=\/wp\/v2\/posts\/7620\/revisions"}],"wp:featuredmedia":[{"embeddable":true,"href":"https:\/\/rad.asvi.at\/index.php?rest_route=\/"}],"wp:attachment":[{"href":"https:\/\/rad.asvi.at\/index.php?rest_route=%2Fwp%2Fv2%2Fmedia&parent=7620"}],"wp:term":[{"taxonomy":"category","embeddable":true,"href":"https:\/\/rad.asvi.at\/index.php?rest_route=%2Fwp%2Fv2%2Fcategories&post=7620"},{"taxonomy":"post_tag","embeddable":true,"href":"https:\/\/rad.asvi.at\/index.php?rest_route=%2Fwp%2Fv2%2Ftags&post=7620"}],"curies":[{"name":"wp","href":"https:\/\/api.w.org\/{rel}","templated":true}]}}