{"id":7644,"date":"2021-05-02T22:10:16","date_gmt":"2021-05-02T20:10:16","guid":{"rendered":"http:\/\/www.radclub-inzing.at\/?p=7644"},"modified":"2021-05-02T22:10:16","modified_gmt":"2021-05-02T20:10:16","slug":"grosartige-erfolge-fur-inzings-radnachwuchs-an-diesem-we","status":"publish","type":"post","link":"https:\/\/rad.asvi.at\/?p=7644","title":{"rendered":"Gro\u00dfartige Erfolge f\u00fcr Inzings Radnachwuchs an diesem WE!"},"content":{"rendered":"<p><strong><span style=\"text-decoration: underline;\">\u00d6sterreichische Meisterschaft Einzelzeitfahren Gro\u00dfhartmannsdorf\/Stm \u2013 1.5.<\/span><\/strong><\/p>\n<p>Am Sa den 1. Mai ging es in der S\u00fcdoststeiermark nun endlich auch f\u00fcr die j\u00fcngeren Rennfahrer wieder wettkampfm\u00e4\u00dfig los. Dass diese erste \u201eStandortbestimmung\u201c gleich als \u00d6sterreichische Meisterschaft im Einzelzeitfahren ausgetragen wurde, ist ebenso ungew\u00f6hnlich wie vieles andere auch in Zeiten von Corona. Inzings junge Rennfahrer vom \u00d6AMTC RAIKA BKD ASVI waren nat\u00fcrlich vollz\u00e4hlig am Start.<\/p>\n<p><strong><em>Ramona Grie\u00dfer (Md U17)<\/em><\/strong> die als J\u00fcngste das erste Mal bei den U17 startete, teilte sich ihre Kr\u00e4fte optimal ein. Bei der ersten Zwischenzeit lediglich an vierter Stelle liegend, steigerte sie das Tempo sukzessive, sodass sie im Ziel alle ihre Konkurrentinnen hinter sich lie\u00df und das Rennen sogar noch mit 11 sec. Vorsprung gewann. <em>\u201eMit einer Medaille habe ich schon spekuliert \u2013 dass es am Ende aber sogar f\u00fcr Gold gereicht hat, ist schon eine \u00dcberraschung \u2013 immerhin bin ich ja 2 Jahre j\u00fcnger als der Rest des Feldes\u201c <\/em>so Ramona bei ihrem ersten Statement im Ziel.<\/p>\n<p>Die weiteren Platzierungen der Inzinger Fahrer: <strong><em>Marina Gurtner (Md U17) 7. Platz. Felix R\u00fctzler (U17) 11. Platz und Lukas Grie\u00dfer 7. Platz.<\/em><\/strong><\/p>\n<p><strong><em>\u00a0<\/em><\/strong><\/p>\n<p><strong><span style=\"text-decoration: underline;\">Kriterium Sebersdorf\/Stm \u2013 2.5.<\/span><\/strong><\/p>\n<p>Beim Kriterium in Sebersdorf am n\u00e4chsten Tag war es dann nicht Ramona, sondern ihr Bruder <strong><em>Lukas Grie\u00dfer<\/em><\/strong>, der f\u00fcr eine \u00dcberraschung sorgte. Er gewann n\u00e4mlich das Rennen der Junioren \u00fcber 40 Runden (je 800m) mit 8 Wertungen. Nach einer sehenswerten Flucht bereits zu Beginn des Rennens gemeinsam mit Simon Pansy (Graz) holten sich die beiden abwechselnd s\u00e4mtliche Wertungen, sodass letztlich der Zielsprint die Entscheidung zugunsten von Lukas brachte. Herzliche Gratulation!<\/p>\n<p>Die U17 M\u00e4dchen hatten 25 Runden zu fahren mit 5 Sprintwertungen. Die Konkurrenz bestand aus 17 M\u00e4dchen U17 und 28 Buben U15 aus \u00d6sterreich, Tschechien und der Slowakei. <strong><em>Ramona Grie\u00dfer<\/em><\/strong> hatte zu Beginn des Rennens viele L\u00f6cher zuzufahren bis sie zu den 5 bestplatzierten M\u00e4dchen vorsto\u00dfen konnte, weshalb es auch mit den ersten Wertungen nichts wurde. Im Zielsprint fehlten dann die entscheidenden K\u00f6rner und sie wurde <strong>5<\/strong>. <strong><em>Marina Gurtner<\/em><\/strong> kam ebenfalls nach anf\u00e4nglichen Problemen (Pedal) auf den guten <strong>7.<\/strong> Platz.<\/p>\n<p>Auch <strong><em>Felix R\u00fctzler (U17)<\/em><\/strong> fuhr ein ganz starkes Rennen. Die U17 Burschen mussten 30 Runden fahren und hatten 6 Sprintwertungen. Felix behauptete sich immer im Spitzenfeld und konnte auch immer wieder punkten. In der Endabrechnung belegte er als zweitbester \u00d6sterreicher den <strong>5.<\/strong> Platz!<\/p>\n","protected":false},"excerpt":{"rendered":"<p>\u00d6sterreichische Meisterschaft Einzelzeitfahren Gro\u00dfhartmannsdorf\/Stm \u2013 1.5. Am Sa den 1. Mai ging es in der S\u00fcdoststeiermark nun endlich auch f\u00fcr die j\u00fcngeren Rennfahrer wieder wettkampfm\u00e4\u00dfig los. Dass diese erste \u201eStandortbestimmung\u201c gleich als \u00d6sterreichische Meisterschaft im Einzelzeitfahren ausgetragen wurde, ist ebenso ungew\u00f6hnlich wie vieles andere auch in Zeiten von Corona. Inzings junge Rennfahrer vom \u00d6AMTC RAIKA&hellip;&nbsp;<a href=\"https:\/\/rad.asvi.at\/?p=7644\" class=\"\" rel=\"bookmark\">Weiterlesen &raquo;<span class=\"screen-reader-text\">Gro\u00dfartige Erfolge f\u00fcr Inzings Radnachwuchs an diesem WE!<\/span><\/a><\/p>\n","protected":false},"author":2,"featured_media":7654,"comment_status":"open","ping_status":"closed","sticky":false,"template":"","format":"standard","meta":{"neve_meta_sidebar":"","neve_meta_container":"","neve_meta_enable_content_width":"","neve_meta_content_width":0,"neve_meta_title_alignment":"","neve_meta_author_avatar":"","neve_post_elements_order":"","neve_meta_disable_header":"","neve_meta_disable_footer":"","neve_meta_disable_title":"","footnotes":""},"categories":[9,11],"tags":[],"class_list":["post-7644","post","type-post","status-publish","format-standard","has-post-thumbnail","hentry","category-allgemein","category-rennsport"],"featured_image_urls":{"full":"","thumbnail":"","medium":"","medium_large":"","large":"","xl":"","xxl":"","xxxl":"","xxxxl":"","xxxxxl":"","1536x1536":"","2048x2048":"","neve-blog":""},"post_excerpt_stackable":"<p>\u00d6sterreichische Meisterschaft Einzelzeitfahren Gro\u00dfhartmannsdorf\/Stm \u2013 1.5. Am Sa den 1. Mai ging es in der S\u00fcdoststeiermark nun endlich auch f\u00fcr die j\u00fcngeren Rennfahrer wieder wettkampfm\u00e4\u00dfig los. Dass diese erste \u201eStandortbestimmung\u201c gleich als \u00d6sterreichische Meisterschaft im Einzelzeitfahren ausgetragen wurde, ist ebenso ungew\u00f6hnlich wie vieles andere auch in Zeiten von Corona. Inzings junge Rennfahrer vom \u00d6AMTC RAIKA BKD ASVI waren nat\u00fcrlich vollz\u00e4hlig am Start. Ramona Grie\u00dfer (Md U17) die als J\u00fcngste das erste Mal bei den U17 startete, teilte sich ihre Kr\u00e4fte optimal ein. Bei der ersten Zwischenzeit lediglich an vierter Stelle liegend, steigerte sie das Tempo sukzessive, sodass sie im Ziel&hellip;<\/p>\n","category_list":"<a href=\"https:\/\/rad.asvi.at\/?cat=9\" rel=\"category\">Allgemein<\/a>, <a href=\"https:\/\/rad.asvi.at\/?cat=11\" rel=\"category\">Rennsport<\/a>","author_info":{"name":"Roman","url":"https:\/\/rad.asvi.at\/?author=2"},"comments_num":"0 comments","_links":{"self":[{"href":"https:\/\/rad.asvi.at\/index.php?rest_route=\/wp\/v2\/posts\/7644","targetHints":{"allow":["GET"]}}],"collection":[{"href":"https:\/\/rad.asvi.at\/index.php?rest_route=\/wp\/v2\/posts"}],"about":[{"href":"https:\/\/rad.asvi.at\/index.php?rest_route=\/wp\/v2\/types\/post"}],"author":[{"embeddable":true,"href":"https:\/\/rad.asvi.at\/index.php?rest_route=\/wp\/v2\/users\/2"}],"replies":[{"embeddable":true,"href":"https:\/\/rad.asvi.at\/index.php?rest_route=%2Fwp%2Fv2%2Fcomments&post=7644"}],"version-history":[{"count":0,"href":"https:\/\/rad.asvi.at\/index.php?rest_route=\/wp\/v2\/posts\/7644\/revisions"}],"wp:featuredmedia":[{"embeddable":true,"href":"https:\/\/rad.asvi.at\/index.php?rest_route=\/"}],"wp:attachment":[{"href":"https:\/\/rad.asvi.at\/index.php?rest_route=%2Fwp%2Fv2%2Fmedia&parent=7644"}],"wp:term":[{"taxonomy":"category","embeddable":true,"href":"https:\/\/rad.asvi.at\/index.php?rest_route=%2Fwp%2Fv2%2Fcategories&post=7644"},{"taxonomy":"post_tag","embeddable":true,"href":"https:\/\/rad.asvi.at\/index.php?rest_route=%2Fwp%2Fv2%2Ftags&post=7644"}],"curies":[{"name":"wp","href":"https:\/\/api.w.org\/{rel}","templated":true}]}}