{"id":7674,"date":"2021-05-30T22:23:18","date_gmt":"2021-05-30T20:23:18","guid":{"rendered":"http:\/\/www.radclub-inzing.at\/?p=7674"},"modified":"2021-05-30T22:23:18","modified_gmt":"2021-05-30T20:23:18","slug":"ramona-grieser-siegt-schon-wieder-lukas-grieser-und-felix-rutzler-ebenfalls-auf-dem-podest","status":"publish","type":"post","link":"https:\/\/rad.asvi.at\/?p=7674","title":{"rendered":"Ramona Grie\u00dfer siegt schon wieder \u2013 Lukas Grie\u00dfer und Felix R\u00fctzler ebenfalls auf dem Podest!"},"content":{"rendered":"<p><strong><span style=\"text-decoration: underline;\">St. Ruprecht (Stm):<\/span><\/strong> Am Sa 29.5. fand in St. Ruprecht in der Steiermark das erste von zwei Nachwuchsradrennen statt. Dabei musste ein 6km langes Einzelzeitfahren mit 200 Hm absolviert werden<strong><em>. Ramona Grie\u00dfer (Md U17)<\/em><\/strong> vom <strong>\u00d6AMTC RAIKA BKD ASV INZING<\/strong> nahm sich f\u00fcr dieses Rennen wieder viel vor \u2013 immerhin ist sie ja die amtierende \u00d6sterr. Meisterin in dieser Disziplin. Ramona lie\u00df wieder nichts anbrennen und <strong>siegte<\/strong> mit 8 sec. Vorsprung! Auch bei den Burschen U17 w\u00e4re beinahe das oberste Treppchen f\u00fcr die Inzinger Equipe m\u00f6glich gewesen. <strong><em>Felix R\u00fctzler<\/em><\/strong> fehlten als <strong>Drittem<\/strong> lediglich 7 Hundertstel auf den Zweitplatzierten und eine Sekunde auf den Sieger! Marina Gurtner (Md U17) und Lukas Grie\u00dfer (Jun) landeten beide auf dem sehr guten 6. Platz.<\/p>\n<p>Am heutigen So 30.5. fand dann ein Kriterium statt. <strong><em>Ramona Grie\u00dfer<\/em><\/strong> kam dieses Mal beim Start super weg, war dann aber gleich bei der ersten Kurve in einen <strong>Massensturz<\/strong> verwickelt. Gottseidank blieb sie weitgehend unverletzt! Leider konnte sie aber aufgrund eines \u201eTotalschadens\u201c am Rennrad das Rennen nicht mehr fortsetzen. Super in Schuss bei Kriterien scheint momentan <strong><em>Lukas Grie\u00dfer<\/em><\/strong> <strong><em>(Jun)<\/em><\/strong> zu sein. Er konnte sich gleich zu Beginn des Rennens mit 2 weiteren Fahrern absetzen und somit st\u00e4ndig Wertungspunkte sammeln. Er wurde ausgezeichneter <strong>2.<\/strong>! <strong><em>Marina Gurtner (Md U17<\/em><\/strong>) wurde wie am Vortag <strong>6.<\/strong> und war mit ihrer aktiven Fahrweise sehr zufrieden, da sie mehrere L\u00fccken immer wieder schlie\u00dfen konnte. <strong><em>Felix R\u00fctzler (U17)<\/em><\/strong> war das gesamte Rennen in der ersten Gruppe vertreten, konnte diesmal aber nur einmal punkten und kam auf den <strong>8<\/strong>. Platz.<\/p>\n<p>&nbsp;<\/p>\n","protected":false},"excerpt":{"rendered":"<p>St. Ruprecht (Stm): Am Sa 29.5. fand in St. Ruprecht in der Steiermark das erste von zwei Nachwuchsradrennen statt. Dabei musste ein 6km langes Einzelzeitfahren mit 200 Hm absolviert werden. Ramona Grie\u00dfer (Md U17) vom \u00d6AMTC RAIKA BKD ASV INZING nahm sich f\u00fcr dieses Rennen wieder viel vor \u2013 immerhin ist sie ja die amtierende&hellip;&nbsp;<a href=\"https:\/\/rad.asvi.at\/?p=7674\" class=\"\" rel=\"bookmark\">Weiterlesen &raquo;<span class=\"screen-reader-text\">Ramona Grie\u00dfer siegt schon wieder \u2013 Lukas Grie\u00dfer und Felix R\u00fctzler ebenfalls auf dem Podest!<\/span><\/a><\/p>\n","protected":false},"author":2,"featured_media":7689,"comment_status":"open","ping_status":"closed","sticky":false,"template":"","format":"standard","meta":{"neve_meta_sidebar":"","neve_meta_container":"","neve_meta_enable_content_width":"","neve_meta_content_width":0,"neve_meta_title_alignment":"","neve_meta_author_avatar":"","neve_post_elements_order":"","neve_meta_disable_header":"","neve_meta_disable_footer":"","neve_meta_disable_title":"","footnotes":""},"categories":[9,11],"tags":[],"class_list":["post-7674","post","type-post","status-publish","format-standard","has-post-thumbnail","hentry","category-allgemein","category-rennsport"],"featured_image_urls":{"full":"","thumbnail":"","medium":"","medium_large":"","large":"","xl":"","xxl":"","xxxl":"","xxxxl":"","xxxxxl":"","1536x1536":"","2048x2048":"","neve-blog":""},"post_excerpt_stackable":"<p>St. Ruprecht (Stm): Am Sa 29.5. fand in St. Ruprecht in der Steiermark das erste von zwei Nachwuchsradrennen statt. Dabei musste ein 6km langes Einzelzeitfahren mit 200 Hm absolviert werden. Ramona Grie\u00dfer (Md U17) vom \u00d6AMTC RAIKA BKD ASV INZING nahm sich f\u00fcr dieses Rennen wieder viel vor \u2013 immerhin ist sie ja die amtierende \u00d6sterr. Meisterin in dieser Disziplin. Ramona lie\u00df wieder nichts anbrennen und siegte mit 8 sec. Vorsprung! Auch bei den Burschen U17 w\u00e4re beinahe das oberste Treppchen f\u00fcr die Inzinger Equipe m\u00f6glich gewesen. Felix R\u00fctzler fehlten als Drittem lediglich 7 Hundertstel auf den Zweitplatzierten und eine&hellip;<\/p>\n","category_list":"<a href=\"https:\/\/rad.asvi.at\/?cat=9\" rel=\"category\">Allgemein<\/a>, <a href=\"https:\/\/rad.asvi.at\/?cat=11\" rel=\"category\">Rennsport<\/a>","author_info":{"name":"Roman","url":"https:\/\/rad.asvi.at\/?author=2"},"comments_num":"0 comments","_links":{"self":[{"href":"https:\/\/rad.asvi.at\/index.php?rest_route=\/wp\/v2\/posts\/7674","targetHints":{"allow":["GET"]}}],"collection":[{"href":"https:\/\/rad.asvi.at\/index.php?rest_route=\/wp\/v2\/posts"}],"about":[{"href":"https:\/\/rad.asvi.at\/index.php?rest_route=\/wp\/v2\/types\/post"}],"author":[{"embeddable":true,"href":"https:\/\/rad.asvi.at\/index.php?rest_route=\/wp\/v2\/users\/2"}],"replies":[{"embeddable":true,"href":"https:\/\/rad.asvi.at\/index.php?rest_route=%2Fwp%2Fv2%2Fcomments&post=7674"}],"version-history":[{"count":0,"href":"https:\/\/rad.asvi.at\/index.php?rest_route=\/wp\/v2\/posts\/7674\/revisions"}],"wp:featuredmedia":[{"embeddable":true,"href":"https:\/\/rad.asvi.at\/index.php?rest_route=\/"}],"wp:attachment":[{"href":"https:\/\/rad.asvi.at\/index.php?rest_route=%2Fwp%2Fv2%2Fmedia&parent=7674"}],"wp:term":[{"taxonomy":"category","embeddable":true,"href":"https:\/\/rad.asvi.at\/index.php?rest_route=%2Fwp%2Fv2%2Fcategories&post=7674"},{"taxonomy":"post_tag","embeddable":true,"href":"https:\/\/rad.asvi.at\/index.php?rest_route=%2Fwp%2Fv2%2Ftags&post=7674"}],"curies":[{"name":"wp","href":"https:\/\/api.w.org\/{rel}","templated":true}]}}