{"id":7700,"date":"2021-06-06T21:17:58","date_gmt":"2021-06-06T19:17:58","guid":{"rendered":"http:\/\/www.radclub-inzing.at\/?p=7700"},"modified":"2021-06-06T21:17:58","modified_gmt":"2021-06-06T19:17:58","slug":"saisonsieg-nr-2-fur-lukas-grieser-in-der-steiermark","status":"publish","type":"post","link":"https:\/\/rad.asvi.at\/?p=7700","title":{"rendered":"Saisonsieg Nr. 2 f\u00fcr Lukas Grie\u00dfer in der Steiermark!"},"content":{"rendered":"<p>Am Sa 5.6. fand in G\u00f6ssendorf in der Steiermark ein Rundstreckenrennen \u00fcber 70 km (21 Runden) statt. Dabei mussten die <strong>Junioren<\/strong> gemeinsam mit der m\u00e4nnlichen Elite (!) starten. <strong><em>Lukas Grie\u00dfer<\/em><\/strong> (<strong>\u00d6AMTC RAIKA BKD ASV INZING<\/strong>) lie\u00df sich davon nicht sonderlich beeindrucken und bewies von Anfang an seine aufsteigende Form, indem er ganz vorne im Feld mitfuhr. Auch im Zielsprint war Lukas ideal platziert und so <strong>gewann<\/strong> er das Rennen bei den Junioren! Bei den M\u00e4nnern w\u00e4re er sogar noch 4. (!) geworden.<\/p>\n<p><strong><em>Felix R\u00fctzler (U17),<\/em><\/strong> der 57 km zu absolvieren hatte, war ebenfalls immer in der ersten Gruppe zu finden. Beim Zielsprint allerdings war er nicht ganz so gut positioniert, sodass er sich mit dem <strong>7<\/strong>. Platz (3.-bester \u00d6sterreicher) zufrieden geben musste.<\/p>\n","protected":false},"excerpt":{"rendered":"<p>Am Sa 5.6. fand in G\u00f6ssendorf in der Steiermark ein Rundstreckenrennen \u00fcber 70 km (21 Runden) statt. Dabei mussten die Junioren gemeinsam mit der m\u00e4nnlichen Elite (!) starten. Lukas Grie\u00dfer (\u00d6AMTC RAIKA BKD ASV INZING) lie\u00df sich davon nicht sonderlich beeindrucken und bewies von Anfang an seine aufsteigende Form, indem er ganz vorne im Feld&hellip;&nbsp;<a href=\"https:\/\/rad.asvi.at\/?p=7700\" class=\"\" rel=\"bookmark\">Weiterlesen &raquo;<span class=\"screen-reader-text\">Saisonsieg Nr. 2 f\u00fcr Lukas Grie\u00dfer in der Steiermark!<\/span><\/a><\/p>\n","protected":false},"author":2,"featured_media":7703,"comment_status":"open","ping_status":"closed","sticky":false,"template":"","format":"standard","meta":{"neve_meta_sidebar":"","neve_meta_container":"","neve_meta_enable_content_width":"","neve_meta_content_width":0,"neve_meta_title_alignment":"","neve_meta_author_avatar":"","neve_post_elements_order":"","neve_meta_disable_header":"","neve_meta_disable_footer":"","neve_meta_disable_title":"","footnotes":""},"categories":[9,11],"tags":[],"class_list":["post-7700","post","type-post","status-publish","format-standard","has-post-thumbnail","hentry","category-allgemein","category-rennsport"],"featured_image_urls":{"full":"","thumbnail":"","medium":"","medium_large":"","large":"","xl":"","xxl":"","xxxl":"","xxxxl":"","xxxxxl":"","1536x1536":"","2048x2048":"","neve-blog":""},"post_excerpt_stackable":"<p>Am Sa 5.6. fand in G\u00f6ssendorf in der Steiermark ein Rundstreckenrennen \u00fcber 70 km (21 Runden) statt. Dabei mussten die Junioren gemeinsam mit der m\u00e4nnlichen Elite (!) starten. Lukas Grie\u00dfer (\u00d6AMTC RAIKA BKD ASV INZING) lie\u00df sich davon nicht sonderlich beeindrucken und bewies von Anfang an seine aufsteigende Form, indem er ganz vorne im Feld mitfuhr. Auch im Zielsprint war Lukas ideal platziert und so gewann er das Rennen bei den Junioren! Bei den M\u00e4nnern w\u00e4re er sogar noch 4. (!) geworden. Felix R\u00fctzler (U17), der 57 km zu absolvieren hatte, war ebenfalls immer in der ersten Gruppe zu finden.&hellip;<\/p>\n","category_list":"<a href=\"https:\/\/rad.asvi.at\/?cat=9\" rel=\"category\">Allgemein<\/a>, <a href=\"https:\/\/rad.asvi.at\/?cat=11\" rel=\"category\">Rennsport<\/a>","author_info":{"name":"Roman","url":"https:\/\/rad.asvi.at\/?author=2"},"comments_num":"0 comments","_links":{"self":[{"href":"https:\/\/rad.asvi.at\/index.php?rest_route=\/wp\/v2\/posts\/7700","targetHints":{"allow":["GET"]}}],"collection":[{"href":"https:\/\/rad.asvi.at\/index.php?rest_route=\/wp\/v2\/posts"}],"about":[{"href":"https:\/\/rad.asvi.at\/index.php?rest_route=\/wp\/v2\/types\/post"}],"author":[{"embeddable":true,"href":"https:\/\/rad.asvi.at\/index.php?rest_route=\/wp\/v2\/users\/2"}],"replies":[{"embeddable":true,"href":"https:\/\/rad.asvi.at\/index.php?rest_route=%2Fwp%2Fv2%2Fcomments&post=7700"}],"version-history":[{"count":0,"href":"https:\/\/rad.asvi.at\/index.php?rest_route=\/wp\/v2\/posts\/7700\/revisions"}],"wp:featuredmedia":[{"embeddable":true,"href":"https:\/\/rad.asvi.at\/index.php?rest_route=\/"}],"wp:attachment":[{"href":"https:\/\/rad.asvi.at\/index.php?rest_route=%2Fwp%2Fv2%2Fmedia&parent=7700"}],"wp:term":[{"taxonomy":"category","embeddable":true,"href":"https:\/\/rad.asvi.at\/index.php?rest_route=%2Fwp%2Fv2%2Fcategories&post=7700"},{"taxonomy":"post_tag","embeddable":true,"href":"https:\/\/rad.asvi.at\/index.php?rest_route=%2Fwp%2Fv2%2Ftags&post=7700"}],"curies":[{"name":"wp","href":"https:\/\/api.w.org\/{rel}","templated":true}]}}