{"id":7710,"date":"2021-06-06T21:43:42","date_gmt":"2021-06-06T19:43:42","guid":{"rendered":"http:\/\/www.radclub-inzing.at\/?p=7710"},"modified":"2021-06-06T21:43:42","modified_gmt":"2021-06-06T19:43:42","slug":"die-inzinger-madchen-u17-fahren-erstmals-ein-internationales-etappenrennen","status":"publish","type":"post","link":"https:\/\/rad.asvi.at\/?p=7710","title":{"rendered":"Die Inzinger M\u00e4dchen U17 fahren erstmals ein internationales Etappenrennen!"},"content":{"rendered":"<p><strong><span style=\"text-decoration: underline;\">Sport.Land.N\u00d6 Womens und Kids Tour 2021<\/span><\/strong><\/p>\n<p>Vom <strong>3. bis 6. Juni<\/strong> 2021 fand im Gro\u00dfraum <strong>Amstetten\/St. P\u00f6lten\/Herzogenburg<\/strong> ein Etappenrennen f\u00fcr Elite Frauen und Juniorinnen statt. Im Rahmen dieser Gro\u00dfveranstaltung durften aber auch die U17 M\u00e4dchen internationale Rennerfahrungen sammeln. Teams aus 8 Nationen waren bei den M\u00e4dchen am Start. Eine besondere Herausforderung waren dabei die gro\u00dfen Starterfelder von 90 FahrerInnen! Der <strong>\u00d6AMTC RAIKA BKD ASV INZING<\/strong> war mit einem 3-k\u00f6pfigen Tiroler Auswahlteam am Start. Neben <strong><em>Ramona Grie\u00dfer<\/em><\/strong> und <strong><em>Marina Gurtner<\/em><\/strong> fuhr auch noch <strong><em>Amelie Cooper<\/em><\/strong> (Schwaz) mit unseren Vereinsfarben. Die von Franz St\u00f6ckl gecoachte Unterl\u00e4nder Fahrerin schlug sich v.a. am Berg sehr gut und \u00fcberraschte gleich bei der ersten Etappe als beste \u00d6sterreicherin (11.)! Die Leistungen M\u00e4dchen konnten sich auch an den folgenden Tagen sehen lassen, denn sie platzierten sich bei jeder Etappe in der ersten H\u00e4lfte des Fahrerinnenlagers! Im Gesamtklassement ergab das dann den hervorragenden <strong>14. Platz<\/strong> f\u00fcr <strong><em>Amelie Cooper<\/em><\/strong> (zweitbeste \u00d6sterreicherin!); <strong><em>Ramona Grie\u00dfer<\/em><\/strong> wurde (als viertbeste \u00d6sterreicherin!) <strong>22<\/strong>. und war \u00fcbrigens mit noch einer Fahrerin die J\u00fcngste im gesamten Feld! Auch <strong><em>Marina Gurtner<\/em><\/strong> war sehr zufrieden mit ihren erbrachten Leistungen (ca. <strong>36<\/strong>.) und gl\u00fccklich dabei gewesen zu sein. Alle 3 waren sich einig, dass sie viel von diesem internationalen Vergleich gelernt haben!<\/p>\n<p>Im Rahmen der Womens Tour fand au\u00dferdem die \u00d6M f\u00fcr die <strong>Amateure<\/strong> statt. Mit dabei ein Inzinger Fahrer Namens <strong><em>Elias Farbmacher<\/em><\/strong>, der sich ganz ganz toll schlug und im Massensprint, praktisch zeitgleich mit dem Sieger den 18. Platz einfuhr!<\/p>\n","protected":false},"excerpt":{"rendered":"<p>Sport.Land.N\u00d6 Womens und Kids Tour 2021 Vom 3. bis 6. Juni 2021 fand im Gro\u00dfraum Amstetten\/St. P\u00f6lten\/Herzogenburg ein Etappenrennen f\u00fcr Elite Frauen und Juniorinnen statt. Im Rahmen dieser Gro\u00dfveranstaltung durften aber auch die U17 M\u00e4dchen internationale Rennerfahrungen sammeln. Teams aus 8 Nationen waren bei den M\u00e4dchen am Start. Eine besondere Herausforderung waren dabei die gro\u00dfen&hellip;&nbsp;<a href=\"https:\/\/rad.asvi.at\/?p=7710\" class=\"\" rel=\"bookmark\">Weiterlesen &raquo;<span class=\"screen-reader-text\">Die Inzinger M\u00e4dchen U17 fahren erstmals ein internationales Etappenrennen!<\/span><\/a><\/p>\n","protected":false},"author":2,"featured_media":7716,"comment_status":"open","ping_status":"closed","sticky":false,"template":"","format":"standard","meta":{"neve_meta_sidebar":"","neve_meta_container":"","neve_meta_enable_content_width":"","neve_meta_content_width":0,"neve_meta_title_alignment":"","neve_meta_author_avatar":"","neve_post_elements_order":"","neve_meta_disable_header":"","neve_meta_disable_footer":"","neve_meta_disable_title":"","footnotes":""},"categories":[9,11],"tags":[],"class_list":["post-7710","post","type-post","status-publish","format-standard","has-post-thumbnail","hentry","category-allgemein","category-rennsport"],"featured_image_urls":{"full":"","thumbnail":"","medium":"","medium_large":"","large":"","xl":"","xxl":"","xxxl":"","xxxxl":"","xxxxxl":"","1536x1536":"","2048x2048":"","neve-blog":""},"post_excerpt_stackable":"<p>Sport.Land.N\u00d6 Womens und Kids Tour 2021 Vom 3. bis 6. Juni 2021 fand im Gro\u00dfraum Amstetten\/St. P\u00f6lten\/Herzogenburg ein Etappenrennen f\u00fcr Elite Frauen und Juniorinnen statt. Im Rahmen dieser Gro\u00dfveranstaltung durften aber auch die U17 M\u00e4dchen internationale Rennerfahrungen sammeln. Teams aus 8 Nationen waren bei den M\u00e4dchen am Start. Eine besondere Herausforderung waren dabei die gro\u00dfen Starterfelder von 90 FahrerInnen! Der \u00d6AMTC RAIKA BKD ASV INZING war mit einem 3-k\u00f6pfigen Tiroler Auswahlteam am Start. Neben Ramona Grie\u00dfer und Marina Gurtner fuhr auch noch Amelie Cooper (Schwaz) mit unseren Vereinsfarben. Die von Franz St\u00f6ckl gecoachte Unterl\u00e4nder Fahrerin schlug sich v.a. am Berg&hellip;<\/p>\n","category_list":"<a href=\"https:\/\/rad.asvi.at\/?cat=9\" rel=\"category\">Allgemein<\/a>, <a href=\"https:\/\/rad.asvi.at\/?cat=11\" rel=\"category\">Rennsport<\/a>","author_info":{"name":"Roman","url":"https:\/\/rad.asvi.at\/?author=2"},"comments_num":"0 comments","_links":{"self":[{"href":"https:\/\/rad.asvi.at\/index.php?rest_route=\/wp\/v2\/posts\/7710","targetHints":{"allow":["GET"]}}],"collection":[{"href":"https:\/\/rad.asvi.at\/index.php?rest_route=\/wp\/v2\/posts"}],"about":[{"href":"https:\/\/rad.asvi.at\/index.php?rest_route=\/wp\/v2\/types\/post"}],"author":[{"embeddable":true,"href":"https:\/\/rad.asvi.at\/index.php?rest_route=\/wp\/v2\/users\/2"}],"replies":[{"embeddable":true,"href":"https:\/\/rad.asvi.at\/index.php?rest_route=%2Fwp%2Fv2%2Fcomments&post=7710"}],"version-history":[{"count":0,"href":"https:\/\/rad.asvi.at\/index.php?rest_route=\/wp\/v2\/posts\/7710\/revisions"}],"wp:featuredmedia":[{"embeddable":true,"href":"https:\/\/rad.asvi.at\/index.php?rest_route=\/"}],"wp:attachment":[{"href":"https:\/\/rad.asvi.at\/index.php?rest_route=%2Fwp%2Fv2%2Fmedia&parent=7710"}],"wp:term":[{"taxonomy":"category","embeddable":true,"href":"https:\/\/rad.asvi.at\/index.php?rest_route=%2Fwp%2Fv2%2Fcategories&post=7710"},{"taxonomy":"post_tag","embeddable":true,"href":"https:\/\/rad.asvi.at\/index.php?rest_route=%2Fwp%2Fv2%2Ftags&post=7710"}],"curies":[{"name":"wp","href":"https:\/\/api.w.org\/{rel}","templated":true}]}}