{"id":7721,"date":"2021-06-13T23:46:29","date_gmt":"2021-06-13T21:46:29","guid":{"rendered":"http:\/\/www.radclub-inzing.at\/?p=7721"},"modified":"2021-06-13T23:46:29","modified_gmt":"2021-06-13T21:46:29","slug":"unsere-youngstars-siegen-munter-weiter","status":"publish","type":"post","link":"https:\/\/rad.asvi.at\/?p=7721","title":{"rendered":"Unsere Youngstars siegen munter weiter!!!"},"content":{"rendered":"<p>An diesem WE fanden schon wieder die n\u00e4chsten Rennen f\u00fcr die Equipe vom \u00d6AMTC RAIKA BKD ASVI statt. Am Sa 12.6. ein Kriterium in Fohnsdorf (bei Knittelfeld in der STM) und am So ging es durch das Lobmingtal \u2013 ein Stra\u00dfenrennen mit fast 600 Hm, das eigentlich ein Bergrennen war. Genau nach dem Geschmack der jungen Wilden aus Inzing! <strong><em>Ramona Grie\u00dfer (Md U17)<\/em><\/strong> <strong>siegte<\/strong> sowohl beim Kriterium, als auch beim Stra\u00dfenrennen (7km fast alles bergauf!) und sicherte sich somit auch die Gesamtwertung in souver\u00e4ner Manier! <strong><em>Marina Gurtner<\/em><\/strong> (ebenf. <strong><em>Md U17<\/em><\/strong>) wurde bei beiden Rennen gute <strong>6.<\/strong>!<\/p>\n<p><strong><em>Felix R\u00fctzler (U17<\/em><\/strong>) ging es beim Kriterium nicht ganz so gut (<strong>13<\/strong>.), daf\u00fcr schlug er beim Bergrennen (12km\/ 580 Hm) zu! Er <strong>gewann<\/strong> n\u00e4mlich, trotz starker Konkurrenz, indem er sich mit einem weiteren Fahrer rechtzeitig absetzen konnte und im Zielsprint voll \u00fcberzeugte (da machte sich das viele Sprinttraining wohl bezahlt!). Auch <strong><em>Lukas Grie\u00dfer (Jun)<\/em><\/strong> an beiden Tagen b\u00e4renstark! Beim Kriterium trotz Sturz <strong>3.<\/strong> und beim Stra\u00dfen- bzw. Bergrennen (ebenf. 12 km und 580 Hm) als <strong>2.<\/strong> wieder auf dem Podest \u2013 die Situation war ganz \u00e4hnlich wie bei den U17 \u2013 Lukas konnte sich fr\u00fch mit einem Purgstaller Fahrer absetzen verlor aber dann im Zielsprint.<\/p>\n","protected":false},"excerpt":{"rendered":"<p>An diesem WE fanden schon wieder die n\u00e4chsten Rennen f\u00fcr die Equipe vom \u00d6AMTC RAIKA BKD ASVI statt. Am Sa 12.6. ein Kriterium in Fohnsdorf (bei Knittelfeld in der STM) und am So ging es durch das Lobmingtal \u2013 ein Stra\u00dfenrennen mit fast 600 Hm, das eigentlich ein Bergrennen war. Genau nach dem Geschmack der&hellip;&nbsp;<a href=\"https:\/\/rad.asvi.at\/?p=7721\" class=\"\" rel=\"bookmark\">Weiterlesen &raquo;<span class=\"screen-reader-text\">Unsere Youngstars siegen munter weiter!!!<\/span><\/a><\/p>\n","protected":false},"author":2,"featured_media":7731,"comment_status":"open","ping_status":"closed","sticky":false,"template":"","format":"standard","meta":{"neve_meta_sidebar":"","neve_meta_container":"","neve_meta_enable_content_width":"","neve_meta_content_width":0,"neve_meta_title_alignment":"","neve_meta_author_avatar":"","neve_post_elements_order":"","neve_meta_disable_header":"","neve_meta_disable_footer":"","neve_meta_disable_title":"","footnotes":""},"categories":[9,11],"tags":[],"class_list":["post-7721","post","type-post","status-publish","format-standard","has-post-thumbnail","hentry","category-allgemein","category-rennsport"],"featured_image_urls":{"full":"","thumbnail":"","medium":"","medium_large":"","large":"","xl":"","xxl":"","xxxl":"","xxxxl":"","xxxxxl":"","1536x1536":"","2048x2048":"","neve-blog":""},"post_excerpt_stackable":"<p>An diesem WE fanden schon wieder die n\u00e4chsten Rennen f\u00fcr die Equipe vom \u00d6AMTC RAIKA BKD ASVI statt. Am Sa 12.6. ein Kriterium in Fohnsdorf (bei Knittelfeld in der STM) und am So ging es durch das Lobmingtal \u2013 ein Stra\u00dfenrennen mit fast 600 Hm, das eigentlich ein Bergrennen war. Genau nach dem Geschmack der jungen Wilden aus Inzing! Ramona Grie\u00dfer (Md U17) siegte sowohl beim Kriterium, als auch beim Stra\u00dfenrennen (7km fast alles bergauf!) und sicherte sich somit auch die Gesamtwertung in souver\u00e4ner Manier! Marina Gurtner (ebenf. Md U17) wurde bei beiden Rennen gute 6.! Felix R\u00fctzler (U17) ging&hellip;<\/p>\n","category_list":"<a href=\"https:\/\/rad.asvi.at\/?cat=9\" rel=\"category\">Allgemein<\/a>, <a href=\"https:\/\/rad.asvi.at\/?cat=11\" rel=\"category\">Rennsport<\/a>","author_info":{"name":"Roman","url":"https:\/\/rad.asvi.at\/?author=2"},"comments_num":"0 comments","_links":{"self":[{"href":"https:\/\/rad.asvi.at\/index.php?rest_route=\/wp\/v2\/posts\/7721","targetHints":{"allow":["GET"]}}],"collection":[{"href":"https:\/\/rad.asvi.at\/index.php?rest_route=\/wp\/v2\/posts"}],"about":[{"href":"https:\/\/rad.asvi.at\/index.php?rest_route=\/wp\/v2\/types\/post"}],"author":[{"embeddable":true,"href":"https:\/\/rad.asvi.at\/index.php?rest_route=\/wp\/v2\/users\/2"}],"replies":[{"embeddable":true,"href":"https:\/\/rad.asvi.at\/index.php?rest_route=%2Fwp%2Fv2%2Fcomments&post=7721"}],"version-history":[{"count":0,"href":"https:\/\/rad.asvi.at\/index.php?rest_route=\/wp\/v2\/posts\/7721\/revisions"}],"wp:featuredmedia":[{"embeddable":true,"href":"https:\/\/rad.asvi.at\/index.php?rest_route=\/"}],"wp:attachment":[{"href":"https:\/\/rad.asvi.at\/index.php?rest_route=%2Fwp%2Fv2%2Fmedia&parent=7721"}],"wp:term":[{"taxonomy":"category","embeddable":true,"href":"https:\/\/rad.asvi.at\/index.php?rest_route=%2Fwp%2Fv2%2Fcategories&post=7721"},{"taxonomy":"post_tag","embeddable":true,"href":"https:\/\/rad.asvi.at\/index.php?rest_route=%2Fwp%2Fv2%2Ftags&post=7721"}],"curies":[{"name":"wp","href":"https:\/\/api.w.org\/{rel}","templated":true}]}}