{"id":7738,"date":"2021-06-25T22:35:40","date_gmt":"2021-06-25T20:35:40","guid":{"rendered":"http:\/\/www.radclub-inzing.at\/?p=7738"},"modified":"2021-06-25T22:35:40","modified_gmt":"2021-06-25T20:35:40","slug":"endlich-wieder-ein-kinderradrennen","status":"publish","type":"post","link":"https:\/\/rad.asvi.at\/?p=7738","title":{"rendered":"Endlich wieder ein Kinderradrennen!"},"content":{"rendered":"<p>Heute am Freitag den 25. Juni 2021 konnte unser Verein nach der Corona bedingten Pause im letzten Jahr, endlich wieder das traditionelle Inzinger Kinderradrennen durchf\u00fchren. Dass dieses Rennen nichts an seiner Beliebtheit eingeb\u00fc\u00dft hat, bewiesen 48 (!) begeisterte Kinder, die in die Pedale traten &#8222;was das Zeug hielt&#8220;! Unter Federf\u00fchrung der Sektion Rad des ASV-Inzing unter Sektionsleiter Thomas Grie\u00dfer hat die Organisation des Rennens in bew\u00e4hrter Art und Weise Bernhard Kircher durchgef\u00fchrt. Ein gro\u00dfer Dank gilt dem gesamten Helferteam, allen voran dem B\u00fcrgermeister der Gemeinde Inzing Sepp Walch, der wie immer bei\u00a0 der Zeitnehmung Andi Kircher und sein Team unterst\u00fctzte und bei der Siegerehrung die Gemeinde vertrat! Das heurige Kinderrennen war gleichzeitig der 1. Bewerb des Tirol Talentscouting (<a href=\"http:\/\/www.radclub-inzing.at\/?attachment_id=7739\" rel=\"attachment wp-att-7739\">06_flyer_tiroltalentscouting_a5<\/a>), das aus insgesamt 4 Kinderradrennen besteht.<\/p>\n<p><a href=\"http:\/\/www.radclub-inzing.at\/?attachment_id=7750\" rel=\"attachment wp-att-7750\">Offizielle Ergebnisliste 250621<\/a><\/p>\n","protected":false},"excerpt":{"rendered":"<p>Heute am Freitag den 25. Juni 2021 konnte unser Verein nach der Corona bedingten Pause im letzten Jahr, endlich wieder das traditionelle Inzinger Kinderradrennen durchf\u00fchren. Dass dieses Rennen nichts an seiner Beliebtheit eingeb\u00fc\u00dft hat, bewiesen 48 (!) begeisterte Kinder, die in die Pedale traten &#8222;was das Zeug hielt&#8220;! Unter Federf\u00fchrung der Sektion Rad des ASV-Inzing&hellip;&nbsp;<a href=\"https:\/\/rad.asvi.at\/?p=7738\" class=\"\" rel=\"bookmark\">Weiterlesen &raquo;<span class=\"screen-reader-text\">Endlich wieder ein Kinderradrennen!<\/span><\/a><\/p>\n","protected":false},"author":2,"featured_media":7760,"comment_status":"open","ping_status":"closed","sticky":false,"template":"","format":"standard","meta":{"neve_meta_sidebar":"","neve_meta_container":"","neve_meta_enable_content_width":"","neve_meta_content_width":0,"neve_meta_title_alignment":"","neve_meta_author_avatar":"","neve_post_elements_order":"","neve_meta_disable_header":"","neve_meta_disable_footer":"","neve_meta_disable_title":"","footnotes":""},"categories":[9,11],"tags":[],"class_list":["post-7738","post","type-post","status-publish","format-standard","has-post-thumbnail","hentry","category-allgemein","category-rennsport"],"featured_image_urls":{"full":"","thumbnail":"","medium":"","medium_large":"","large":"","xl":"","xxl":"","xxxl":"","xxxxl":"","xxxxxl":"","1536x1536":"","2048x2048":"","neve-blog":""},"post_excerpt_stackable":"<p>Heute am Freitag den 25. Juni 2021 konnte unser Verein nach der Corona bedingten Pause im letzten Jahr, endlich wieder das traditionelle Inzinger Kinderradrennen durchf\u00fchren. Dass dieses Rennen nichts an seiner Beliebtheit eingeb\u00fc\u00dft hat, bewiesen 48 (!) begeisterte Kinder, die in die Pedale traten &#8222;was das Zeug hielt&#8220;! Unter Federf\u00fchrung der Sektion Rad des ASV-Inzing unter Sektionsleiter Thomas Grie\u00dfer hat die Organisation des Rennens in bew\u00e4hrter Art und Weise Bernhard Kircher durchgef\u00fchrt. Ein gro\u00dfer Dank gilt dem gesamten Helferteam, allen voran dem B\u00fcrgermeister der Gemeinde Inzing Sepp Walch, der wie immer bei\u00a0 der Zeitnehmung Andi Kircher und sein Team unterst\u00fctzte&hellip;<\/p>\n","category_list":"<a href=\"https:\/\/rad.asvi.at\/?cat=9\" rel=\"category\">Allgemein<\/a>, <a href=\"https:\/\/rad.asvi.at\/?cat=11\" rel=\"category\">Rennsport<\/a>","author_info":{"name":"Roman","url":"https:\/\/rad.asvi.at\/?author=2"},"comments_num":"0 comments","_links":{"self":[{"href":"https:\/\/rad.asvi.at\/index.php?rest_route=\/wp\/v2\/posts\/7738","targetHints":{"allow":["GET"]}}],"collection":[{"href":"https:\/\/rad.asvi.at\/index.php?rest_route=\/wp\/v2\/posts"}],"about":[{"href":"https:\/\/rad.asvi.at\/index.php?rest_route=\/wp\/v2\/types\/post"}],"author":[{"embeddable":true,"href":"https:\/\/rad.asvi.at\/index.php?rest_route=\/wp\/v2\/users\/2"}],"replies":[{"embeddable":true,"href":"https:\/\/rad.asvi.at\/index.php?rest_route=%2Fwp%2Fv2%2Fcomments&post=7738"}],"version-history":[{"count":0,"href":"https:\/\/rad.asvi.at\/index.php?rest_route=\/wp\/v2\/posts\/7738\/revisions"}],"wp:featuredmedia":[{"embeddable":true,"href":"https:\/\/rad.asvi.at\/index.php?rest_route=\/"}],"wp:attachment":[{"href":"https:\/\/rad.asvi.at\/index.php?rest_route=%2Fwp%2Fv2%2Fmedia&parent=7738"}],"wp:term":[{"taxonomy":"category","embeddable":true,"href":"https:\/\/rad.asvi.at\/index.php?rest_route=%2Fwp%2Fv2%2Fcategories&post=7738"},{"taxonomy":"post_tag","embeddable":true,"href":"https:\/\/rad.asvi.at\/index.php?rest_route=%2Fwp%2Fv2%2Ftags&post=7738"}],"curies":[{"name":"wp","href":"https:\/\/api.w.org\/{rel}","templated":true}]}}