{"id":7763,"date":"2021-07-04T18:59:02","date_gmt":"2021-07-04T16:59:02","guid":{"rendered":"http:\/\/www.radclub-inzing.at\/?p=7763"},"modified":"2021-07-04T18:59:02","modified_gmt":"2021-07-04T16:59:02","slug":"auslandseinsatze-fur-2-inzinger-youngstars","status":"publish","type":"post","link":"https:\/\/rad.asvi.at\/?p=7763","title":{"rendered":"Auslandseins\u00e4tze f\u00fcr 2 Inzinger Youngstars!"},"content":{"rendered":"<p>Letzte Woche waren gleich 2 Inzinger Radrennfahrer ins Nationalteam einberufen worden um im benachbarten Ausland Rennen zu fahren. Der Kemater Felix R\u00fctzler (U17) war beim Tschechischen Klassiker Jeviko im Einsatz \u2013 ein international top besetztes Etappenrennen \u00fcber 3 Tage. F\u00fcr Felix war es das erste Mal, dass er ein Etappenrennen f\u00fcr das \u00d6sterreichische U17-Nationalteam fuhr. Dabei schlug er sich als erstj\u00e4hriger U17-Fahrer ziemlich gut und platzierte sich bei allen 4 Etappen im vorderen Mittelfeld.<\/p>\n<p>Der Inzinger Lukas Grie\u00dfer (Jun) fuhr hingegen in s\u00fcdlicheren Gefilden in Italien ebenfalls einen Nachwuchs-Klassiker, n\u00e4mlich Solighetto in der Provinz Venetien (Eintagesrennen). Bei den Junioren ging es da ganz ordentlich zur Sache. Obwohl Lukas immer in der vorderen H\u00e4lfte des Feldes zu finden war, ereilte ihn eine Runde vor Schluss (nach 90 km) dasselbe Schicksal wie den meisten Fahrern. Aufgrund der R\u00fcckstandsregel (diese wird in Italien meist rigoros umgesetzt) wurden alle Fahrer bis auf 18 (von 175 gestarteten!) vorzeitig aus dem Rennen genommen.<\/p>\n<p>&nbsp;<\/p>\n","protected":false},"excerpt":{"rendered":"<p>Letzte Woche waren gleich 2 Inzinger Radrennfahrer ins Nationalteam einberufen worden um im benachbarten Ausland Rennen zu fahren. Der Kemater Felix R\u00fctzler (U17) war beim Tschechischen Klassiker Jeviko im Einsatz \u2013 ein international top besetztes Etappenrennen \u00fcber 3 Tage. F\u00fcr Felix war es das erste Mal, dass er ein Etappenrennen f\u00fcr das \u00d6sterreichische U17-Nationalteam fuhr.&hellip;&nbsp;<a href=\"https:\/\/rad.asvi.at\/?p=7763\" class=\"\" rel=\"bookmark\">Weiterlesen &raquo;<span class=\"screen-reader-text\">Auslandseins\u00e4tze f\u00fcr 2 Inzinger Youngstars!<\/span><\/a><\/p>\n","protected":false},"author":2,"featured_media":7765,"comment_status":"open","ping_status":"closed","sticky":false,"template":"","format":"standard","meta":{"neve_meta_sidebar":"","neve_meta_container":"","neve_meta_enable_content_width":"","neve_meta_content_width":0,"neve_meta_title_alignment":"","neve_meta_author_avatar":"","neve_post_elements_order":"","neve_meta_disable_header":"","neve_meta_disable_footer":"","neve_meta_disable_title":"","footnotes":""},"categories":[9,11],"tags":[],"class_list":["post-7763","post","type-post","status-publish","format-standard","has-post-thumbnail","hentry","category-allgemein","category-rennsport"],"featured_image_urls":{"full":"","thumbnail":"","medium":"","medium_large":"","large":"","xl":"","xxl":"","xxxl":"","xxxxl":"","xxxxxl":"","1536x1536":"","2048x2048":"","neve-blog":""},"post_excerpt_stackable":"<p>Letzte Woche waren gleich 2 Inzinger Radrennfahrer ins Nationalteam einberufen worden um im benachbarten Ausland Rennen zu fahren. Der Kemater Felix R\u00fctzler (U17) war beim Tschechischen Klassiker Jeviko im Einsatz \u2013 ein international top besetztes Etappenrennen \u00fcber 3 Tage. F\u00fcr Felix war es das erste Mal, dass er ein Etappenrennen f\u00fcr das \u00d6sterreichische U17-Nationalteam fuhr. Dabei schlug er sich als erstj\u00e4hriger U17-Fahrer ziemlich gut und platzierte sich bei allen 4 Etappen im vorderen Mittelfeld. Der Inzinger Lukas Grie\u00dfer (Jun) fuhr hingegen in s\u00fcdlicheren Gefilden in Italien ebenfalls einen Nachwuchs-Klassiker, n\u00e4mlich Solighetto in der Provinz Venetien (Eintagesrennen). Bei den Junioren ging&hellip;<\/p>\n","category_list":"<a href=\"https:\/\/rad.asvi.at\/?cat=9\" rel=\"category\">Allgemein<\/a>, <a href=\"https:\/\/rad.asvi.at\/?cat=11\" rel=\"category\">Rennsport<\/a>","author_info":{"name":"Roman","url":"https:\/\/rad.asvi.at\/?author=2"},"comments_num":"0 comments","_links":{"self":[{"href":"https:\/\/rad.asvi.at\/index.php?rest_route=\/wp\/v2\/posts\/7763","targetHints":{"allow":["GET"]}}],"collection":[{"href":"https:\/\/rad.asvi.at\/index.php?rest_route=\/wp\/v2\/posts"}],"about":[{"href":"https:\/\/rad.asvi.at\/index.php?rest_route=\/wp\/v2\/types\/post"}],"author":[{"embeddable":true,"href":"https:\/\/rad.asvi.at\/index.php?rest_route=\/wp\/v2\/users\/2"}],"replies":[{"embeddable":true,"href":"https:\/\/rad.asvi.at\/index.php?rest_route=%2Fwp%2Fv2%2Fcomments&post=7763"}],"version-history":[{"count":0,"href":"https:\/\/rad.asvi.at\/index.php?rest_route=\/wp\/v2\/posts\/7763\/revisions"}],"wp:featuredmedia":[{"embeddable":true,"href":"https:\/\/rad.asvi.at\/index.php?rest_route=\/"}],"wp:attachment":[{"href":"https:\/\/rad.asvi.at\/index.php?rest_route=%2Fwp%2Fv2%2Fmedia&parent=7763"}],"wp:term":[{"taxonomy":"category","embeddable":true,"href":"https:\/\/rad.asvi.at\/index.php?rest_route=%2Fwp%2Fv2%2Fcategories&post=7763"},{"taxonomy":"post_tag","embeddable":true,"href":"https:\/\/rad.asvi.at\/index.php?rest_route=%2Fwp%2Fv2%2Ftags&post=7763"}],"curies":[{"name":"wp","href":"https:\/\/api.w.org\/{rel}","templated":true}]}}