{"id":7768,"date":"2021-07-04T19:03:08","date_gmt":"2021-07-04T17:03:08","guid":{"rendered":"http:\/\/www.radclub-inzing.at\/?p=7768"},"modified":"2021-07-04T19:03:08","modified_gmt":"2021-07-04T17:03:08","slug":"felix-rutzler-siegt-bei-der-reither-kogel-trophy-uberlegen","status":"publish","type":"post","link":"https:\/\/rad.asvi.at\/?p=7768","title":{"rendered":"Felix R\u00fctzler siegt bei der Reither-Kogel-Trophy \u00fcberlegen!"},"content":{"rendered":"<p>Am So 4. Juli fand die traditionelle Reither-Kogel-Trophy in Brixlegg statt. Ein Bergrennen \u00fcber 6 km und 550 Hm. Mit dabei ein Nationalteam-Fahrer aus Inzinger Rennstall \u00d6AMTC RAIKA BKD ASVI &#8211; Felix R\u00fctzler (U17). Felix zeigte von Anfang an wie stark er am Berg ist und konnte sich von seinen Mitstreitern bald absetzen. Er fuhr dann in einer eigenen Liga und distanzierte den Zweitplatzierten bis zum Ziel um 1:37 min! Mit seiner Zeit von 23:57 min w\u00e4re er auch bei den Junioren unter die besten 7 gewesen.<\/p>\n","protected":false},"excerpt":{"rendered":"<p>Am So 4. Juli fand die traditionelle Reither-Kogel-Trophy in Brixlegg statt. Ein Bergrennen \u00fcber 6 km und 550 Hm. Mit dabei ein Nationalteam-Fahrer aus Inzinger Rennstall \u00d6AMTC RAIKA BKD ASVI &#8211; Felix R\u00fctzler (U17). Felix zeigte von Anfang an wie stark er am Berg ist und konnte sich von seinen Mitstreitern bald absetzen. Er fuhr&hellip;&nbsp;<a href=\"https:\/\/rad.asvi.at\/?p=7768\" class=\"\" rel=\"bookmark\">Weiterlesen &raquo;<span class=\"screen-reader-text\">Felix R\u00fctzler siegt bei der Reither-Kogel-Trophy \u00fcberlegen!<\/span><\/a><\/p>\n","protected":false},"author":2,"featured_media":7771,"comment_status":"open","ping_status":"closed","sticky":false,"template":"","format":"standard","meta":{"neve_meta_sidebar":"","neve_meta_container":"","neve_meta_enable_content_width":"","neve_meta_content_width":0,"neve_meta_title_alignment":"","neve_meta_author_avatar":"","neve_post_elements_order":"","neve_meta_disable_header":"","neve_meta_disable_footer":"","neve_meta_disable_title":"","footnotes":""},"categories":[9,11],"tags":[],"class_list":["post-7768","post","type-post","status-publish","format-standard","has-post-thumbnail","hentry","category-allgemein","category-rennsport"],"featured_image_urls":{"full":"","thumbnail":"","medium":"","medium_large":"","large":"","xl":"","xxl":"","xxxl":"","xxxxl":"","xxxxxl":"","1536x1536":"","2048x2048":"","neve-blog":""},"post_excerpt_stackable":"<p>Am So 4. Juli fand die traditionelle Reither-Kogel-Trophy in Brixlegg statt. Ein Bergrennen \u00fcber 6 km und 550 Hm. Mit dabei ein Nationalteam-Fahrer aus Inzinger Rennstall \u00d6AMTC RAIKA BKD ASVI &#8211; Felix R\u00fctzler (U17). Felix zeigte von Anfang an wie stark er am Berg ist und konnte sich von seinen Mitstreitern bald absetzen. Er fuhr dann in einer eigenen Liga und distanzierte den Zweitplatzierten bis zum Ziel um 1:37 min! Mit seiner Zeit von 23:57 min w\u00e4re er auch bei den Junioren unter die besten 7 gewesen.<\/p>\n","category_list":"<a href=\"https:\/\/rad.asvi.at\/?cat=9\" rel=\"category\">Allgemein<\/a>, <a href=\"https:\/\/rad.asvi.at\/?cat=11\" rel=\"category\">Rennsport<\/a>","author_info":{"name":"Roman","url":"https:\/\/rad.asvi.at\/?author=2"},"comments_num":"0 comments","_links":{"self":[{"href":"https:\/\/rad.asvi.at\/index.php?rest_route=\/wp\/v2\/posts\/7768","targetHints":{"allow":["GET"]}}],"collection":[{"href":"https:\/\/rad.asvi.at\/index.php?rest_route=\/wp\/v2\/posts"}],"about":[{"href":"https:\/\/rad.asvi.at\/index.php?rest_route=\/wp\/v2\/types\/post"}],"author":[{"embeddable":true,"href":"https:\/\/rad.asvi.at\/index.php?rest_route=\/wp\/v2\/users\/2"}],"replies":[{"embeddable":true,"href":"https:\/\/rad.asvi.at\/index.php?rest_route=%2Fwp%2Fv2%2Fcomments&post=7768"}],"version-history":[{"count":0,"href":"https:\/\/rad.asvi.at\/index.php?rest_route=\/wp\/v2\/posts\/7768\/revisions"}],"wp:featuredmedia":[{"embeddable":true,"href":"https:\/\/rad.asvi.at\/index.php?rest_route=\/"}],"wp:attachment":[{"href":"https:\/\/rad.asvi.at\/index.php?rest_route=%2Fwp%2Fv2%2Fmedia&parent=7768"}],"wp:term":[{"taxonomy":"category","embeddable":true,"href":"https:\/\/rad.asvi.at\/index.php?rest_route=%2Fwp%2Fv2%2Fcategories&post=7768"},{"taxonomy":"post_tag","embeddable":true,"href":"https:\/\/rad.asvi.at\/index.php?rest_route=%2Fwp%2Fv2%2Ftags&post=7768"}],"curies":[{"name":"wp","href":"https:\/\/api.w.org\/{rel}","templated":true}]}}