{"id":7813,"date":"2021-07-25T19:49:42","date_gmt":"2021-07-25T17:49:42","guid":{"rendered":"http:\/\/www.radclub-inzing.at\/?p=7813"},"modified":"2021-07-25T19:49:42","modified_gmt":"2021-07-25T17:49:42","slug":"inzings-radrennfahrer-auch-in-purgstall-ganz-vorne","status":"publish","type":"post","link":"https:\/\/rad.asvi.at\/?p=7813","title":{"rendered":"Inzings Radrennfahrer auch in Purgstall  ganz vorne!"},"content":{"rendered":"<p>Erlauftaler Radsporttage \u2013 17.-18.07.21 \/ Int. O\u00d6-Juniorenrundfahrt-23.-25.7.21<\/p>\n<p>Letztes WE waren Inzings Nachwuchsradrennfahrer in Purgstall bei den Erlauftaler Radsporttagen am Start. Das Rennen am Sa z\u00e4hlte bei den Junioren au\u00dferdem zur \u00d6M auf der Stra\u00dfe. Dementsprechend motiviert ging Lukas Grie\u00dfer (Jun) an den Start. Bereits sehr bald war er bei einer vom Team Auto Eder (mit den st\u00e4rksten Fahrern) initiierten Spitzengruppe mit dabei. 2,5 Runden vor Schluss kam es in dieser Gruppe aber leider zu einem Sturz eines Auto-Eder-Fahrers -die anderen \u201eTeamkollegen\u201c warteten- wodurch Lukas alleine vorne war. Trotz seiner Zeitfahrqualit\u00e4ten konnte ihn ein stark dezimiertes Feld kurz vor dem Ziel wieder einholen und er wurde \u201edurchgereicht\u201c. Er wurde aber immer noch ausgezeichneter 9., war damit aber nat\u00fcrlich \u00fcberhaupt nicht zufrieden.<br \/>\nBei den Burschen U17 z\u00e4hlte das Rennen zwar nicht zur \u00d6M, war aber trotzdem sehr gut besetzt. Felix R\u00fctzler konnte f\u00fcr Inzing den 3. Platz einfahren, womit er seine derzeitige Topform best\u00e4tigte. Er war au\u00dferdem bester erstj\u00e4hriger Fahrer!<br \/>\nRamona Grie\u00dfer (Md U17) ging diesmal ohne ihre Teamkollegin Marina Gurtner an den Start. Ramona konnte sich das Rennen optimal einteilen und attackierte erst 5km vor dem Ziel, wo sie zusammen mit einem K\u00e4rtner Fahrer wegkam und so mit 20 sec. Vorsprung auf das n\u00e4chste M\u00e4dchen gewann!<br \/>\nDie Rennen am So wurden wegen der Unwetter alle abgesagt!<\/p>\n<p>Lukas Grie\u00dfer (Jun) fuhr au\u00dferdem dieses WE von Fr bis So die Int. Ober\u00f6sterreich-Junioren-Rundfahrt f\u00fcr das \u00d6sterr. Nationalteam. Bei der ersten Etappe am Fr als 41. noch 3.-bester \u00d6sterreicher, ging es ihm am Sa dann nicht mehr ganz so gut, weil er mit Kr\u00e4mpfen zu k\u00e4mpfen hatte. Am So konnte er aber noch wertvolle Helferdienste f\u00fcr sein Team leisten.<\/p>\n","protected":false},"excerpt":{"rendered":"<p>Erlauftaler Radsporttage \u2013 17.-18.07.21 \/ Int. O\u00d6-Juniorenrundfahrt-23.-25.7.21 Letztes WE waren Inzings Nachwuchsradrennfahrer in Purgstall bei den Erlauftaler Radsporttagen am Start. Das Rennen am Sa z\u00e4hlte bei den Junioren au\u00dferdem zur \u00d6M auf der Stra\u00dfe. Dementsprechend motiviert ging Lukas Grie\u00dfer (Jun) an den Start. Bereits sehr bald war er bei einer vom Team Auto Eder (mit&hellip;&nbsp;<a href=\"https:\/\/rad.asvi.at\/?p=7813\" class=\"\" rel=\"bookmark\">Weiterlesen &raquo;<span class=\"screen-reader-text\">Inzings Radrennfahrer auch in Purgstall  ganz vorne!<\/span><\/a><\/p>\n","protected":false},"author":2,"featured_media":7816,"comment_status":"open","ping_status":"closed","sticky":false,"template":"","format":"standard","meta":{"neve_meta_sidebar":"","neve_meta_container":"","neve_meta_enable_content_width":"","neve_meta_content_width":0,"neve_meta_title_alignment":"","neve_meta_author_avatar":"","neve_post_elements_order":"","neve_meta_disable_header":"","neve_meta_disable_footer":"","neve_meta_disable_title":"","footnotes":""},"categories":[9,11],"tags":[],"class_list":["post-7813","post","type-post","status-publish","format-standard","has-post-thumbnail","hentry","category-allgemein","category-rennsport"],"featured_image_urls":{"full":"","thumbnail":"","medium":"","medium_large":"","large":"","xl":"","xxl":"","xxxl":"","xxxxl":"","xxxxxl":"","1536x1536":"","2048x2048":"","neve-blog":""},"post_excerpt_stackable":"<p>Erlauftaler Radsporttage \u2013 17.-18.07.21 \/ Int. O\u00d6-Juniorenrundfahrt-23.-25.7.21 Letztes WE waren Inzings Nachwuchsradrennfahrer in Purgstall bei den Erlauftaler Radsporttagen am Start. Das Rennen am Sa z\u00e4hlte bei den Junioren au\u00dferdem zur \u00d6M auf der Stra\u00dfe. Dementsprechend motiviert ging Lukas Grie\u00dfer (Jun) an den Start. Bereits sehr bald war er bei einer vom Team Auto Eder (mit den st\u00e4rksten Fahrern) initiierten Spitzengruppe mit dabei. 2,5 Runden vor Schluss kam es in dieser Gruppe aber leider zu einem Sturz eines Auto-Eder-Fahrers -die anderen \u201eTeamkollegen\u201c warteten- wodurch Lukas alleine vorne war. Trotz seiner Zeitfahrqualit\u00e4ten konnte ihn ein stark dezimiertes Feld kurz vor dem Ziel&hellip;<\/p>\n","category_list":"<a href=\"https:\/\/rad.asvi.at\/?cat=9\" rel=\"category\">Allgemein<\/a>, <a href=\"https:\/\/rad.asvi.at\/?cat=11\" rel=\"category\">Rennsport<\/a>","author_info":{"name":"Roman","url":"https:\/\/rad.asvi.at\/?author=2"},"comments_num":"0 comments","_links":{"self":[{"href":"https:\/\/rad.asvi.at\/index.php?rest_route=\/wp\/v2\/posts\/7813","targetHints":{"allow":["GET"]}}],"collection":[{"href":"https:\/\/rad.asvi.at\/index.php?rest_route=\/wp\/v2\/posts"}],"about":[{"href":"https:\/\/rad.asvi.at\/index.php?rest_route=\/wp\/v2\/types\/post"}],"author":[{"embeddable":true,"href":"https:\/\/rad.asvi.at\/index.php?rest_route=\/wp\/v2\/users\/2"}],"replies":[{"embeddable":true,"href":"https:\/\/rad.asvi.at\/index.php?rest_route=%2Fwp%2Fv2%2Fcomments&post=7813"}],"version-history":[{"count":0,"href":"https:\/\/rad.asvi.at\/index.php?rest_route=\/wp\/v2\/posts\/7813\/revisions"}],"wp:featuredmedia":[{"embeddable":true,"href":"https:\/\/rad.asvi.at\/index.php?rest_route=\/"}],"wp:attachment":[{"href":"https:\/\/rad.asvi.at\/index.php?rest_route=%2Fwp%2Fv2%2Fmedia&parent=7813"}],"wp:term":[{"taxonomy":"category","embeddable":true,"href":"https:\/\/rad.asvi.at\/index.php?rest_route=%2Fwp%2Fv2%2Fcategories&post=7813"},{"taxonomy":"post_tag","embeddable":true,"href":"https:\/\/rad.asvi.at\/index.php?rest_route=%2Fwp%2Fv2%2Ftags&post=7813"}],"curies":[{"name":"wp","href":"https:\/\/api.w.org\/{rel}","templated":true}]}}